{"id":99955,"date":"2024-10-15T12:30:00","date_gmt":"2024-10-15T17:30:00","guid":{"rendered":"https:\/\/www.imsalud.gov.co\/web\/?p=99955"},"modified":"2024-10-15T12:36:42","modified_gmt":"2024-10-15T17:36:42","slug":"talleres-en-atencion-humanizada-con-enfoque-de-genero-y-proteccion","status":"publish","type":"post","link":"https:\/\/www.imsalud.gov.co\/web\/sala-de-prensa\/ultimas-noticias\/talleres-en-atencion-humanizada-con-enfoque-de-genero-y-proteccion\/","title":{"rendered":"TALLERES EN ATENCI\u00d3N HUMANIZADA CON ENFOQUE DE G\u00c9NERO Y PROTECCI\u00d3N"},"content":{"rendered":"<p>En la ESE Imsalud la oficina de Planeaci\u00f3n y Calidad liderada por la  Dra. Clara Cuadros, con el apoyo de Carla Marcuchi referente de Humanizaci\u00f3n, desarroll\u00f3 talleres de Atenci\u00f3n Humanizada con Enfoque de G\u00e9nero y Protecci\u00f3n y de empat\u00eda, compasi\u00f3n, liderazgo, roles, autoestima y comunicaci\u00f3n asertiva, dirigidos a las asociaciones de usuarios, personal asistencial de las UBAS e Ips, auxiliares y l\u00edderes de facturaci\u00f3n.<br \/>\n<div id='gallery-1' class='gallery galleryid-99955 gallery-columns-3 gallery-size-thumbnail'><figure class='gallery-item'>\n\t\t\t<div class='gallery-icon landscape'>\n\t\t\t\t<a href='https:\/\/www.imsalud.gov.co\/web\/sala-de-prensa\/ultimas-noticias\/talleres-en-atencion-humanizada-con-enfoque-de-genero-y-proteccion\/attachment\/2-209\/#main'><img loading=\"lazy\" decoding=\"async\" width=\"150\" height=\"150\" src=\"https:\/\/www.imsalud.gov.co\/web\/wp-content\/uploads\/2024\/10\/2-280x280.png\" class=\"attachment-thumbnail size-thumbnail\" alt=\"\" srcset=\"https:\/\/www.imsalud.gov.co\/web\/wp-content\/uploads\/2024\/10\/2-280x280.png 280w, https:\/\/www.imsalud.gov.co\/web\/wp-content\/uploads\/2024\/10\/2-768x768.png 768w, https:\/\/www.imsalud.gov.co\/web\/wp-content\/uploads\/2024\/10\/2-116x116.png 116w, https:\/\/www.imsalud.gov.co\/web\/wp-content\/uploads\/2024\/10\/2.png 1081w\" sizes=\"auto, (max-width: 150px) 100vw, 150px\" \/><\/a>\n\t\t\t<\/div><\/figure><figure class='gallery-item'>\n\t\t\t<div class='gallery-icon landscape'>\n\t\t\t\t<a href='https:\/\/www.imsalud.gov.co\/web\/sala-de-prensa\/ultimas-noticias\/talleres-en-atencion-humanizada-con-enfoque-de-genero-y-proteccion\/attachment\/3-167\/#main'><img loading=\"lazy\" decoding=\"async\" width=\"150\" height=\"150\" src=\"https:\/\/www.imsalud.gov.co\/web\/wp-content\/uploads\/2024\/10\/3-280x280.png\" class=\"attachment-thumbnail size-thumbnail\" alt=\"\" srcset=\"https:\/\/www.imsalud.gov.co\/web\/wp-content\/uploads\/2024\/10\/3-280x280.png 280w, https:\/\/www.imsalud.gov.co\/web\/wp-content\/uploads\/2024\/10\/3-768x768.png 768w, https:\/\/www.imsalud.gov.co\/web\/wp-content\/uploads\/2024\/10\/3-116x116.png 116w, https:\/\/www.imsalud.gov.co\/web\/wp-content\/uploads\/2024\/10\/3.png 1081w\" sizes=\"auto, (max-width: 150px) 100vw, 150px\" \/><\/a>\n\t\t\t<\/div><\/figure><figure class='gallery-item'>\n\t\t\t<div class='gallery-icon landscape'>\n\t\t\t\t<a href='https:\/\/www.imsalud.gov.co\/web\/sala-de-prensa\/ultimas-noticias\/talleres-en-atencion-humanizada-con-enfoque-de-genero-y-proteccion\/attachment\/4-136\/#main'><img loading=\"lazy\" decoding=\"async\" width=\"150\" height=\"150\" src=\"https:\/\/www.imsalud.gov.co\/web\/wp-content\/uploads\/2024\/10\/4-280x280.png\" class=\"attachment-thumbnail size-thumbnail\" alt=\"\" srcset=\"https:\/\/www.imsalud.gov.co\/web\/wp-content\/uploads\/2024\/10\/4-280x280.png 280w, https:\/\/www.imsalud.gov.co\/web\/wp-content\/uploads\/2024\/10\/4-768x768.png 768w, https:\/\/www.imsalud.gov.co\/web\/wp-content\/uploads\/2024\/10\/4-116x116.png 116w, https:\/\/www.imsalud.gov.co\/web\/wp-content\/uploads\/2024\/10\/4.png 1081w\" sizes=\"auto, (max-width: 150px) 100vw, 150px\" \/><\/a>\n\t\t\t<\/div><\/figure>\n\t\t<\/div>\n\n","protected":false},"excerpt":{"rendered":"<p>En la ESE Imsalud la oficina de Planeaci\u00f3n y Calidad liderada por la Dra. Clara Cuadros, con el apoyo de Carla Marcuchi referente de Humanizaci\u00f3n, desarroll\u00f3 talleres de Atenci\u00f3n Humanizada [&#8230;]\n","protected":false},"author":27,"featured_media":99964,"comment_status":"closed","ping_status":"closed","sticky":false,"template":"","format":"standard","meta":{"footnotes":""},"categories":[699,698,74],"tags":[],"class_list":["post-99955","post","type-post","status-publish","format-standard","has-post-thumbnail","hentry","category-grupos-de-interes","category-mujeres","category-ultimas-noticias"],"_links":{"self":[{"href":"https:\/\/www.imsalud.gov.co\/web\/wp-json\/wp\/v2\/posts\/99955","targetHints":{"allow":["GET"]}}],"collection":[{"href":"https:\/\/www.imsalud.gov.co\/web\/wp-json\/wp\/v2\/posts"}],"about":[{"href":"https:\/\/www.imsalud.gov.co\/web\/wp-json\/wp\/v2\/types\/post"}],"author":[{"embeddable":true,"href":"https:\/\/www.imsalud.gov.co\/web\/wp-json\/wp\/v2\/users\/27"}],"replies":[{"embeddable":true,"href":"https:\/\/www.imsalud.gov.co\/web\/wp-json\/wp\/v2\/comments?post=99955"}],"version-history":[{"count":1,"href":"https:\/\/www.imsalud.gov.co\/web\/wp-json\/wp\/v2\/posts\/99955\/revisions"}],"predecessor-version":[{"id":99968,"href":"https:\/\/www.imsalud.gov.co\/web\/wp-json\/wp\/v2\/posts\/99955\/revisions\/99968"}],"wp:featuredmedia":[{"embeddable":true,"href":"https:\/\/www.imsalud.gov.co\/web\/wp-json\/wp\/v2\/media\/99964"}],"wp:attachment":[{"href":"https:\/\/www.imsalud.gov.co\/web\/wp-json\/wp\/v2\/media?parent=99955"}],"wp:term":[{"taxonomy":"category","embeddable":true,"href":"https:\/\/www.imsalud.gov.co\/web\/wp-json\/wp\/v2\/categories?post=99955"},{"taxonomy":"post_tag","embeddable":true,"href":"https:\/\/www.imsalud.gov.co\/web\/wp-json\/wp\/v2\/tags?post=99955"}],"curies":[{"name":"wp","href":"https:\/\/api.w.org\/{rel}","templated":true}]}}