{"id":98956,"date":"2024-06-19T13:25:35","date_gmt":"2024-06-19T18:25:35","guid":{"rendered":"https:\/\/www.imsalud.gov.co\/web\/?p=98956"},"modified":"2024-08-02T07:28:17","modified_gmt":"2024-08-02T12:28:17","slug":"comprometidos-con-nuestros-colaboradores","status":"publish","type":"post","link":"https:\/\/www.imsalud.gov.co\/web\/sala-de-prensa\/ultimas-noticias\/comprometidos-con-nuestros-colaboradores\/","title":{"rendered":"COMPROMETIDOS CON NUESTROS COLABORADORES"},"content":{"rendered":"<p>En la ESE IMSALUD mantenemos un entorno laboral seguro y saludable para nuestros colaboradores, identificando y mitigando aquellos riesgos y promoviendo h\u00e1bitos de vida saludable, que reflejan el compromiso continuo con la cultura de prevenci\u00f3n y cuidado en nuestra entidad, asegurando un ambiente de trabajo que permita desempe\u00f1ar las labores de forma eficiente y con menor riesgo de accidentes o enfermedades laborales.<\/p>\n<p>Raz\u00f3n por la cual desarrollamos la conmemoraci\u00f3n de la semana de Seguridad y Salud en el Trabajo en nuestras Unidades B\u00e1sicas, donde  500  trabajadores entre funcionarios, contratistas y agremiados, participaron activamente en diferentes actividades programadas, charlas interactivas sobre salud mental, talleres de relajaci\u00f3n e higiene del sue\u00f1o, tamizajes de riesgos cardiovasculares y biomec\u00e1nicos, actividad f\u00edsica, pausas activas y capacitaciones, as\u00ed lo expres\u00f3   Mar\u00eda Fernanda L\u00f3pez l\u00edder de Seguridad y Salud en el Trabajo.<br \/>\nCabe resaltar que estas actividades se realizan con el objetivo de mejorar la salud f\u00edsica y mental de nuestros colaboradores, aumentando su motivaci\u00f3n, satisfacci\u00f3n y productividad.<\/p>\n<div id='gallery-1' class='gallery galleryid-98956 gallery-columns-3 gallery-size-thumbnail'><figure class='gallery-item'>\n\t\t\t<div class='gallery-icon landscape'>\n\t\t\t\t<a href='https:\/\/www.imsalud.gov.co\/web\/sala-de-prensa\/ultimas-noticias\/comprometidos-con-nuestros-colaboradores\/attachment\/loma-de-bolivar-4-2\/#main'><img loading=\"lazy\" decoding=\"async\" width=\"150\" height=\"150\" src=\"https:\/\/www.imsalud.gov.co\/web\/wp-content\/uploads\/2024\/06\/LOMA-DE-BOLIVAR-4-280x280.jpg\" class=\"attachment-thumbnail size-thumbnail\" alt=\"\" \/><\/a>\n\t\t\t<\/div><\/figure><figure class='gallery-item'>\n\t\t\t<div class='gallery-icon landscape'>\n\t\t\t\t<a href='https:\/\/www.imsalud.gov.co\/web\/sala-de-prensa\/ultimas-noticias\/comprometidos-con-nuestros-colaboradores\/attachment\/agua-clara-3\/#main'><img loading=\"lazy\" decoding=\"async\" width=\"150\" height=\"150\" src=\"https:\/\/www.imsalud.gov.co\/web\/wp-content\/uploads\/2024\/06\/AGUA-CLARA-3-280x280.jpeg\" class=\"attachment-thumbnail size-thumbnail\" alt=\"\" \/><\/a>\n\t\t\t<\/div><\/figure><figure class='gallery-item'>\n\t\t\t<div class='gallery-icon landscape'>\n\t\t\t\t<a href='https:\/\/www.imsalud.gov.co\/web\/sala-de-prensa\/ultimas-noticias\/comprometidos-con-nuestros-colaboradores\/attachment\/agua-clara-5\/#main'><img loading=\"lazy\" decoding=\"async\" width=\"150\" height=\"150\" src=\"https:\/\/www.imsalud.gov.co\/web\/wp-content\/uploads\/2024\/06\/AGUA-CLARA-5-280x280.jpeg\" class=\"attachment-thumbnail size-thumbnail\" alt=\"\" \/><\/a>\n\t\t\t<\/div><\/figure><figure class='gallery-item'>\n\t\t\t<div class='gallery-icon portrait'>\n\t\t\t\t<a href='https:\/\/www.imsalud.gov.co\/web\/sala-de-prensa\/ultimas-noticias\/comprometidos-con-nuestros-colaboradores\/attachment\/libertad-1\/#main'><img loading=\"lazy\" decoding=\"async\" width=\"150\" height=\"150\" src=\"https:\/\/www.imsalud.gov.co\/web\/wp-content\/uploads\/2024\/06\/LIBERTAD-1-280x280.jpg\" class=\"attachment-thumbnail size-thumbnail\" alt=\"\" \/><\/a>\n\t\t\t<\/div><\/figure><figure class='gallery-item'>\n\t\t\t<div class='gallery-icon portrait'>\n\t\t\t\t<a href='https:\/\/www.imsalud.gov.co\/web\/sala-de-prensa\/ultimas-noticias\/comprometidos-con-nuestros-colaboradores\/attachment\/libertad-2-2\/#main'><img loading=\"lazy\" decoding=\"async\" width=\"150\" height=\"150\" src=\"https:\/\/www.imsalud.gov.co\/web\/wp-content\/uploads\/2024\/06\/LIBERTAD-2-280x280.jpg\" class=\"attachment-thumbnail size-thumbnail\" alt=\"\" \/><\/a>\n\t\t\t<\/div><\/figure><figure class='gallery-item'>\n\t\t\t<div class='gallery-icon landscape'>\n\t\t\t\t<a href='https:\/\/www.imsalud.gov.co\/web\/sala-de-prensa\/ultimas-noticias\/comprometidos-con-nuestros-colaboradores\/attachment\/agua-clara-2\/#main'><img loading=\"lazy\" decoding=\"async\" width=\"150\" height=\"150\" src=\"https:\/\/www.imsalud.gov.co\/web\/wp-content\/uploads\/2024\/06\/AGUA-CLARA-2-280x280.jpeg\" class=\"attachment-thumbnail size-thumbnail\" alt=\"\" \/><\/a>\n\t\t\t<\/div><\/figure><figure class='gallery-item'>\n\t\t\t<div class='gallery-icon portrait'>\n\t\t\t\t<a href='https:\/\/www.imsalud.gov.co\/web\/sala-de-prensa\/ultimas-noticias\/comprometidos-con-nuestros-colaboradores\/attachment\/libertad-3\/#main'><img loading=\"lazy\" decoding=\"async\" width=\"150\" height=\"150\" src=\"https:\/\/www.imsalud.gov.co\/web\/wp-content\/uploads\/2024\/06\/LIBERTAD-3-280x280.jpg\" class=\"attachment-thumbnail size-thumbnail\" alt=\"\" \/><\/a>\n\t\t\t<\/div><\/figure><figure class='gallery-item'>\n\t\t\t<div class='gallery-icon portrait'>\n\t\t\t\t<a href='https:\/\/www.imsalud.gov.co\/web\/sala-de-prensa\/ultimas-noticias\/comprometidos-con-nuestros-colaboradores\/attachment\/libertad-4-2\/#main'><img loading=\"lazy\" decoding=\"async\" width=\"150\" height=\"150\" src=\"https:\/\/www.imsalud.gov.co\/web\/wp-content\/uploads\/2024\/06\/LIBERTAD-4-280x280.jpg\" class=\"attachment-thumbnail size-thumbnail\" alt=\"\" \/><\/a>\n\t\t\t<\/div><\/figure><figure class='gallery-item'>\n\t\t\t<div class='gallery-icon portrait'>\n\t\t\t\t<a href='https:\/\/www.imsalud.gov.co\/web\/sala-de-prensa\/ultimas-noticias\/comprometidos-con-nuestros-colaboradores\/attachment\/libertad-5-2\/#main'><img loading=\"lazy\" decoding=\"async\" width=\"150\" height=\"150\" src=\"https:\/\/www.imsalud.gov.co\/web\/wp-content\/uploads\/2024\/06\/LIBERTAD-5-280x280.jpg\" class=\"attachment-thumbnail size-thumbnail\" alt=\"\" \/><\/a>\n\t\t\t<\/div><\/figure><figure class='gallery-item'>\n\t\t\t<div class='gallery-icon portrait'>\n\t\t\t\t<a href='https:\/\/www.imsalud.gov.co\/web\/sala-de-prensa\/ultimas-noticias\/comprometidos-con-nuestros-colaboradores\/attachment\/libertad-6-2\/#main'><img loading=\"lazy\" decoding=\"async\" width=\"150\" height=\"150\" src=\"https:\/\/www.imsalud.gov.co\/web\/wp-content\/uploads\/2024\/06\/LIBERTAD-6-280x280.jpg\" class=\"attachment-thumbnail size-thumbnail\" alt=\"\" \/><\/a>\n\t\t\t<\/div><\/figure><figure class='gallery-item'>\n\t\t\t<div class='gallery-icon portrait'>\n\t\t\t\t<a href='https:\/\/www.imsalud.gov.co\/web\/sala-de-prensa\/ultimas-noticias\/comprometidos-con-nuestros-colaboradores\/attachment\/libertad-7-2\/#main'><img loading=\"lazy\" decoding=\"async\" width=\"150\" height=\"150\" src=\"https:\/\/www.imsalud.gov.co\/web\/wp-content\/uploads\/2024\/06\/LIBERTAD-7-280x280.jpg\" class=\"attachment-thumbnail size-thumbnail\" alt=\"\" \/><\/a>\n\t\t\t<\/div><\/figure><figure class='gallery-item'>\n\t\t\t<div class='gallery-icon landscape'>\n\t\t\t\t<a href='https:\/\/www.imsalud.gov.co\/web\/sala-de-prensa\/ultimas-noticias\/comprometidos-con-nuestros-colaboradores\/attachment\/loma-de-bolivar-1-2\/#main'><img loading=\"lazy\" decoding=\"async\" width=\"150\" height=\"150\" src=\"https:\/\/www.imsalud.gov.co\/web\/wp-content\/uploads\/2024\/06\/LOMA-DE-BOLIVAR-1-280x280.jpg\" class=\"attachment-thumbnail size-thumbnail\" alt=\"\" \/><\/a>\n\t\t\t<\/div><\/figure><figure class='gallery-item'>\n\t\t\t<div class='gallery-icon landscape'>\n\t\t\t\t<a href='https:\/\/www.imsalud.gov.co\/web\/sala-de-prensa\/ultimas-noticias\/comprometidos-con-nuestros-colaboradores\/attachment\/loma-de-bolivar-2-2\/#main'><img loading=\"lazy\" decoding=\"async\" width=\"150\" height=\"150\" src=\"https:\/\/www.imsalud.gov.co\/web\/wp-content\/uploads\/2024\/06\/LOMA-DE-BOLIVAR-2-280x280.jpg\" class=\"attachment-thumbnail size-thumbnail\" alt=\"\" \/><\/a>\n\t\t\t<\/div><\/figure><figure class='gallery-item'>\n\t\t\t<div class='gallery-icon landscape'>\n\t\t\t\t<a href='https:\/\/www.imsalud.gov.co\/web\/sala-de-prensa\/ultimas-noticias\/comprometidos-con-nuestros-colaboradores\/attachment\/loma-de-bolivar-3-2\/#main'><img loading=\"lazy\" decoding=\"async\" width=\"150\" height=\"150\" src=\"https:\/\/www.imsalud.gov.co\/web\/wp-content\/uploads\/2024\/06\/LOMA-DE-BOLIVAR-3-280x280.jpg\" class=\"attachment-thumbnail size-thumbnail\" alt=\"\" \/><\/a>\n\t\t\t<\/div><\/figure><figure class='gallery-item'>\n\t\t\t<div class='gallery-icon landscape'>\n\t\t\t\t<a href='https:\/\/www.imsalud.gov.co\/web\/sala-de-prensa\/ultimas-noticias\/comprometidos-con-nuestros-colaboradores\/attachment\/poli-1\/#main'><img loading=\"lazy\" decoding=\"async\" width=\"150\" height=\"150\" src=\"https:\/\/www.imsalud.gov.co\/web\/wp-content\/uploads\/2024\/06\/POLI-1-280x280.jpg\" class=\"attachment-thumbnail size-thumbnail\" alt=\"\" \/><\/a>\n\t\t\t<\/div><\/figure><figure class='gallery-item'>\n\t\t\t<div class='gallery-icon landscape'>\n\t\t\t\t<a href='https:\/\/www.imsalud.gov.co\/web\/sala-de-prensa\/ultimas-noticias\/comprometidos-con-nuestros-colaboradores\/attachment\/poli-2\/#main'><img loading=\"lazy\" decoding=\"async\" width=\"150\" height=\"150\" src=\"https:\/\/www.imsalud.gov.co\/web\/wp-content\/uploads\/2024\/06\/POLI-2-280x280.jpg\" class=\"attachment-thumbnail size-thumbnail\" alt=\"\" \/><\/a>\n\t\t\t<\/div><\/figure><figure class='gallery-item'>\n\t\t\t<div class='gallery-icon landscape'>\n\t\t\t\t<a href='https:\/\/www.imsalud.gov.co\/web\/sala-de-prensa\/ultimas-noticias\/comprometidos-con-nuestros-colaboradores\/attachment\/sede-1\/#main'><img loading=\"lazy\" decoding=\"async\" width=\"150\" height=\"150\" src=\"https:\/\/www.imsalud.gov.co\/web\/wp-content\/uploads\/2024\/06\/SEDE-1-280x280.jpeg\" class=\"attachment-thumbnail size-thumbnail\" alt=\"\" \/><\/a>\n\t\t\t<\/div><\/figure><figure class='gallery-item'>\n\t\t\t<div class='gallery-icon landscape'>\n\t\t\t\t<a href='https:\/\/www.imsalud.gov.co\/web\/sala-de-prensa\/ultimas-noticias\/comprometidos-con-nuestros-colaboradores\/attachment\/sede-2\/#main'><img loading=\"lazy\" decoding=\"async\" width=\"150\" height=\"150\" src=\"https:\/\/www.imsalud.gov.co\/web\/wp-content\/uploads\/2024\/06\/SEDE-2-280x280.jpeg\" class=\"attachment-thumbnail size-thumbnail\" alt=\"\" \/><\/a>\n\t\t\t<\/div><\/figure><figure class='gallery-item'>\n\t\t\t<div class='gallery-icon landscape'>\n\t\t\t\t<a href='https:\/\/www.imsalud.gov.co\/web\/sala-de-prensa\/ultimas-noticias\/comprometidos-con-nuestros-colaboradores\/attachment\/sede-admin-1\/#main'><img loading=\"lazy\" decoding=\"async\" width=\"150\" height=\"150\" src=\"https:\/\/www.imsalud.gov.co\/web\/wp-content\/uploads\/2024\/06\/Sede-Admin-1-280x280.jpg\" class=\"attachment-thumbnail size-thumbnail\" alt=\"\" \/><\/a>\n\t\t\t<\/div><\/figure><figure class='gallery-item'>\n\t\t\t<div class='gallery-icon landscape'>\n\t\t\t\t<a href='https:\/\/www.imsalud.gov.co\/web\/sala-de-prensa\/ultimas-noticias\/comprometidos-con-nuestros-colaboradores\/attachment\/sede-admin-2\/#main'><img loading=\"lazy\" decoding=\"async\" width=\"150\" height=\"150\" src=\"https:\/\/www.imsalud.gov.co\/web\/wp-content\/uploads\/2024\/06\/Sede-Admin-2-280x280.jpg\" class=\"attachment-thumbnail size-thumbnail\" alt=\"\" \/><\/a>\n\t\t\t<\/div><\/figure><figure class='gallery-item'>\n\t\t\t<div class='gallery-icon landscape'>\n\t\t\t\t<a href='https:\/\/www.imsalud.gov.co\/web\/sala-de-prensa\/ultimas-noticias\/comprometidos-con-nuestros-colaboradores\/attachment\/sede-admin-3\/#main'><img loading=\"lazy\" decoding=\"async\" width=\"150\" height=\"150\" src=\"https:\/\/www.imsalud.gov.co\/web\/wp-content\/uploads\/2024\/06\/Sede-Admin-3-280x280.jpg\" class=\"attachment-thumbnail size-thumbnail\" alt=\"\" \/><\/a>\n\t\t\t<\/div><\/figure><figure class='gallery-item'>\n\t\t\t<div class='gallery-icon landscape'>\n\t\t\t\t<a href='https:\/\/www.imsalud.gov.co\/web\/sala-de-prensa\/ultimas-noticias\/comprometidos-con-nuestros-colaboradores\/attachment\/sede-admin-4\/#main'><img loading=\"lazy\" decoding=\"async\" width=\"150\" height=\"150\" src=\"https:\/\/www.imsalud.gov.co\/web\/wp-content\/uploads\/2024\/06\/Sede-Admin-4-280x280.jpg\" class=\"attachment-thumbnail size-thumbnail\" alt=\"\" \/><\/a>\n\t\t\t<\/div><\/figure><figure class='gallery-item'>\n\t\t\t<div class='gallery-icon landscape'>\n\t\t\t\t<a href='https:\/\/www.imsalud.gov.co\/web\/sala-de-prensa\/ultimas-noticias\/comprometidos-con-nuestros-colaboradores\/attachment\/sede-admin-5\/#main'><img loading=\"lazy\" decoding=\"async\" width=\"150\" height=\"150\" src=\"https:\/\/www.imsalud.gov.co\/web\/wp-content\/uploads\/2024\/06\/Sede-Admin-5-280x280.jpg\" class=\"attachment-thumbnail size-thumbnail\" alt=\"\" \/><\/a>\n\t\t\t<\/div><\/figure><figure class='gallery-item'>\n\t\t\t<div class='gallery-icon landscape'>\n\t\t\t\t<a href='https:\/\/www.imsalud.gov.co\/web\/sala-de-prensa\/ultimas-noticias\/comprometidos-con-nuestros-colaboradores\/attachment\/sede-admin-6\/#main'><img loading=\"lazy\" decoding=\"async\" width=\"150\" height=\"150\" src=\"https:\/\/www.imsalud.gov.co\/web\/wp-content\/uploads\/2024\/06\/Sede-Admin-6-280x280.jpg\" class=\"attachment-thumbnail size-thumbnail\" alt=\"\" \/><\/a>\n\t\t\t<\/div><\/figure><figure class='gallery-item'>\n\t\t\t<div class='gallery-icon landscape'>\n\t\t\t\t<a href='https:\/\/www.imsalud.gov.co\/web\/sala-de-prensa\/ultimas-noticias\/comprometidos-con-nuestros-colaboradores\/attachment\/sede-admin-7\/#main'><img loading=\"lazy\" decoding=\"async\" width=\"150\" height=\"150\" src=\"https:\/\/www.imsalud.gov.co\/web\/wp-content\/uploads\/2024\/06\/Sede-Admin-7-280x280.jpg\" class=\"attachment-thumbnail size-thumbnail\" alt=\"\" \/><\/a>\n\t\t\t<\/div><\/figure>\n\t\t<\/div>\n\n","protected":false},"excerpt":{"rendered":"<p>En la ESE IMSALUD mantenemos un entorno laboral seguro y saludable para nuestros colaboradores, identificando y mitigando aquellos riesgos y promoviendo h\u00e1bitos de vida saludable, que reflejan el compromiso continuo [&#8230;]\n","protected":false},"author":27,"featured_media":98957,"comment_status":"closed","ping_status":"closed","sticky":false,"template":"","format":"standard","meta":{"footnotes":""},"categories":[74],"tags":[],"class_list":["post-98956","post","type-post","status-publish","format-standard","has-post-thumbnail","hentry","category-ultimas-noticias"],"_links":{"self":[{"href":"https:\/\/www.imsalud.gov.co\/web\/wp-json\/wp\/v2\/posts\/98956","targetHints":{"allow":["GET"]}}],"collection":[{"href":"https:\/\/www.imsalud.gov.co\/web\/wp-json\/wp\/v2\/posts"}],"about":[{"href":"https:\/\/www.imsalud.gov.co\/web\/wp-json\/wp\/v2\/types\/post"}],"author":[{"embeddable":true,"href":"https:\/\/www.imsalud.gov.co\/web\/wp-json\/wp\/v2\/users\/27"}],"replies":[{"embeddable":true,"href":"https:\/\/www.imsalud.gov.co\/web\/wp-json\/wp\/v2\/comments?post=98956"}],"version-history":[{"count":3,"href":"https:\/\/www.imsalud.gov.co\/web\/wp-json\/wp\/v2\/posts\/98956\/revisions"}],"predecessor-version":[{"id":98993,"href":"https:\/\/www.imsalud.gov.co\/web\/wp-json\/wp\/v2\/posts\/98956\/revisions\/98993"}],"wp:featuredmedia":[{"embeddable":true,"href":"https:\/\/www.imsalud.gov.co\/web\/wp-json\/wp\/v2\/media\/98957"}],"wp:attachment":[{"href":"https:\/\/www.imsalud.gov.co\/web\/wp-json\/wp\/v2\/media?parent=98956"}],"wp:term":[{"taxonomy":"category","embeddable":true,"href":"https:\/\/www.imsalud.gov.co\/web\/wp-json\/wp\/v2\/categories?post=98956"},{"taxonomy":"post_tag","embeddable":true,"href":"https:\/\/www.imsalud.gov.co\/web\/wp-json\/wp\/v2\/tags?post=98956"}],"curies":[{"name":"wp","href":"https:\/\/api.w.org\/{rel}","templated":true}]}}