{"id":98418,"date":"2024-05-08T14:02:32","date_gmt":"2024-05-08T19:02:32","guid":{"rendered":"https:\/\/www.imsalud.gov.co\/web\/?p=98418"},"modified":"2024-08-02T07:28:25","modified_gmt":"2024-08-02T12:28:25","slug":"capacitacion-en-la-unidad-materno-infantil-de-la-libertad-capacitacion-sobre-liderazgo-roles-y-trabajo-en-equipo","status":"publish","type":"post","link":"https:\/\/www.imsalud.gov.co\/web\/sala-de-prensa\/ultimas-noticias\/capacitacion-en-la-unidad-materno-infantil-de-la-libertad-capacitacion-sobre-liderazgo-roles-y-trabajo-en-equipo\/","title":{"rendered":"CAPACITACI\u00d3N EN LA UNIDAD MATERNO INFANTIL DE LA LIBERTAD \u00abLIDERAZGO, ROLES Y TRABAJO EN EQUIPO\u00bb"},"content":{"rendered":"<p>El pasado 23 de abril, en el auditorio de la Unidad B\u00e1sica de la Libertad, se llev\u00f3 a cabo una capacitaci\u00f3n dirigida a 48 profesionales de la salud. Durante la jornada de 9:00 a 11:00, se abordaron temas como liderazgo, trabajo en equipo y pol\u00edticas de prevenci\u00f3n en el consumo de tabaco, alcohol y sustancias psicoactivas. La actividad, liderada por Psicolog\u00eda Organizacional de la oficina de Administraci\u00f3n Laboral, tuvo como objetivo potenciar el talento humano y mejorar la calidad del servicio brindado por los equipos b\u00e1sicos de salud. Este encuentro represent\u00f3 un paso importante hacia un desempe\u00f1o m\u00e1s efectivo y comprometido en beneficio de la comunidad.<\/p>\n<div id='gallery-1' class='gallery galleryid-98418 gallery-columns-3 gallery-size-thumbnail'><figure class='gallery-item'>\n\t\t\t<div class='gallery-icon landscape'>\n\t\t\t\t<a href='https:\/\/www.imsalud.gov.co\/web\/sala-de-prensa\/ultimas-noticias\/capacitacion-en-la-unidad-materno-infantil-de-la-libertad-capacitacion-sobre-liderazgo-roles-y-trabajo-en-equipo\/attachment\/whatsapp-image-2024-04-23-at-10-55-31-am\/#main'><img loading=\"lazy\" decoding=\"async\" width=\"150\" height=\"150\" src=\"https:\/\/www.imsalud.gov.co\/web\/wp-content\/uploads\/2024\/05\/WhatsApp-Image-2024-04-23-at-10.55.31-AM-280x280.jpeg\" class=\"attachment-thumbnail size-thumbnail\" alt=\"\" \/><\/a>\n\t\t\t<\/div><\/figure>\n\t\t<\/div>\n\n","protected":false},"excerpt":{"rendered":"<p>El pasado 23 de abril, en el auditorio de la Unidad B\u00e1sica de la Libertad, se llev\u00f3 a cabo una capacitaci\u00f3n dirigida a 48 profesionales de la salud. Durante la [&#8230;]\n","protected":false},"author":27,"featured_media":98420,"comment_status":"closed","ping_status":"closed","sticky":false,"template":"","format":"standard","meta":{"footnotes":""},"categories":[74],"tags":[],"class_list":["post-98418","post","type-post","status-publish","format-standard","has-post-thumbnail","hentry","category-ultimas-noticias"],"_links":{"self":[{"href":"https:\/\/www.imsalud.gov.co\/web\/wp-json\/wp\/v2\/posts\/98418","targetHints":{"allow":["GET"]}}],"collection":[{"href":"https:\/\/www.imsalud.gov.co\/web\/wp-json\/wp\/v2\/posts"}],"about":[{"href":"https:\/\/www.imsalud.gov.co\/web\/wp-json\/wp\/v2\/types\/post"}],"author":[{"embeddable":true,"href":"https:\/\/www.imsalud.gov.co\/web\/wp-json\/wp\/v2\/users\/27"}],"replies":[{"embeddable":true,"href":"https:\/\/www.imsalud.gov.co\/web\/wp-json\/wp\/v2\/comments?post=98418"}],"version-history":[{"count":2,"href":"https:\/\/www.imsalud.gov.co\/web\/wp-json\/wp\/v2\/posts\/98418\/revisions"}],"predecessor-version":[{"id":98422,"href":"https:\/\/www.imsalud.gov.co\/web\/wp-json\/wp\/v2\/posts\/98418\/revisions\/98422"}],"wp:featuredmedia":[{"embeddable":true,"href":"https:\/\/www.imsalud.gov.co\/web\/wp-json\/wp\/v2\/media\/98420"}],"wp:attachment":[{"href":"https:\/\/www.imsalud.gov.co\/web\/wp-json\/wp\/v2\/media?parent=98418"}],"wp:term":[{"taxonomy":"category","embeddable":true,"href":"https:\/\/www.imsalud.gov.co\/web\/wp-json\/wp\/v2\/categories?post=98418"},{"taxonomy":"post_tag","embeddable":true,"href":"https:\/\/www.imsalud.gov.co\/web\/wp-json\/wp\/v2\/tags?post=98418"}],"curies":[{"name":"wp","href":"https:\/\/api.w.org\/{rel}","templated":true}]}}