{"id":9839,"date":"2017-07-25T21:02:54","date_gmt":"2017-07-26T02:02:54","guid":{"rendered":"http:\/\/www.imsalud.gov.co\/web\/valores-corporativos\/"},"modified":"2017-07-25T21:02:54","modified_gmt":"2017-07-26T02:02:54","slug":"valores-corporativos","status":"publish","type":"post","link":"https:\/\/www.imsalud.gov.co\/web\/nosotros\/mision-vision\/valores-corporativos\/","title":{"rendered":"Valores Corporativos"},"content":{"rendered":"<p><span style=\"font-size: 12pt;\"><strong>Calidad:<\/strong> hacer bien las cosas desde el principio, manteniendo una estrecha\u00a0<\/span><span style=\"font-size: 12pt;\">comunicaci\u00f3n con los clientes o los usuarios, a fin de identificar\u00a0<\/span><span style=\"font-size: 12pt;\">anticipadamente sus necesidades.<\/span><\/p>\n<p><span style=\"font-size: 12pt;\"><strong>Conciencia social:<\/strong> capacidad de interpretar las necesidades del otro y\u00a0<\/span><span style=\"font-size: 12pt;\">ofrecer alternativas de soluciones del servicio.<\/span><\/p>\n<p><span style=\"font-size: 12pt;\"><strong>Eficiencia:<\/strong> la obtenci\u00f3n de los mejores resultados posibles, utilizando el\u00a0<\/span><span style=\"font-size: 12pt;\">m\u00ednimo de recursos necesarios.<\/span><\/p>\n<p><span style=\"font-size: 12pt;\"><strong>Equidad:<\/strong> dar prioridad a los grupos m\u00e1s vulnerables para reducir las\u00a0<\/span><span style=\"font-size: 12pt;\">desigualdades injustas y evitables.<\/span><\/p>\n<p><span style=\"font-size: 12pt;\"><strong>\u00c9tica:<\/strong> dirigir el accionar de la organizaci\u00f3n al cumplimiento de prop\u00f3sitos\u00a0<\/span><span style=\"font-size: 12pt;\">nobles y altruistas relacionados con el bienestar de la comunidad.<\/span><\/p>\n<p><span style=\"font-size: 12pt;\"><strong>Honestidad:<\/strong> transparencia en los pensamientos, sentimientos, actitudes y\u00a0<\/span><span style=\"font-size: 12pt;\">comportamiento dentro y fuera de la instituci\u00f3n.<\/span><\/p>\n<p><span style=\"font-size: 12pt;\"><strong>Integridad:<\/strong> pensar, sentir y actuar coherentemente por los valores\u00a0<\/span><span style=\"font-size: 12pt;\">establecidos.<\/span><\/p>\n<p><span style=\"font-size: 12pt;\"><strong>Lealtad:<\/strong> es la fidelidad en el cumplimento de la visi\u00f3n, misi\u00f3n y prop\u00f3sitos\u00a0<\/span><span style=\"font-size: 12pt;\">institucionales.<\/span><\/p>\n<p><span style=\"font-size: 12pt;\"><strong>Participaci\u00f3n:<\/strong> legitimar las decisiones de la organizaci\u00f3n con el m\u00e1ximo grado\u00a0<\/span><span style=\"font-size: 12pt;\">de participaci\u00f3n de los diferentes actores.<\/span><\/p>\n<p><span style=\"font-size: 12pt;\"><strong>Solidaridad:<\/strong> trabajar con nuestros compa\u00f1eros en una aptitud de cooperaci\u00f3n,\u00a0<\/span><span style=\"font-size: 12pt;\">ayuda, contribuci\u00f3n y de compromiso.<\/span><\/p>\n","protected":false},"excerpt":{"rendered":"<p>Calidad: hacer bien las cosas desde el principio, manteniendo una estrecha\u00a0comunicaci\u00f3n con los clientes o los usuarios, a fin de identificar\u00a0anticipadamente sus necesidades. Conciencia social: capacidad de interpretar las necesidades [&#8230;]\n","protected":false},"author":19,"featured_media":0,"comment_status":"open","ping_status":"open","sticky":false,"template":"","format":"standard","meta":{"footnotes":""},"categories":[403],"tags":[],"class_list":["post-9839","post","type-post","status-publish","format-standard","hentry","category-mision-vision"],"_links":{"self":[{"href":"https:\/\/www.imsalud.gov.co\/web\/wp-json\/wp\/v2\/posts\/9839","targetHints":{"allow":["GET"]}}],"collection":[{"href":"https:\/\/www.imsalud.gov.co\/web\/wp-json\/wp\/v2\/posts"}],"about":[{"href":"https:\/\/www.imsalud.gov.co\/web\/wp-json\/wp\/v2\/types\/post"}],"author":[{"embeddable":true,"href":"https:\/\/www.imsalud.gov.co\/web\/wp-json\/wp\/v2\/users\/19"}],"replies":[{"embeddable":true,"href":"https:\/\/www.imsalud.gov.co\/web\/wp-json\/wp\/v2\/comments?post=9839"}],"version-history":[{"count":1,"href":"https:\/\/www.imsalud.gov.co\/web\/wp-json\/wp\/v2\/posts\/9839\/revisions"}],"predecessor-version":[{"id":12924,"href":"https:\/\/www.imsalud.gov.co\/web\/wp-json\/wp\/v2\/posts\/9839\/revisions\/12924"}],"wp:attachment":[{"href":"https:\/\/www.imsalud.gov.co\/web\/wp-json\/wp\/v2\/media?parent=9839"}],"wp:term":[{"taxonomy":"category","embeddable":true,"href":"https:\/\/www.imsalud.gov.co\/web\/wp-json\/wp\/v2\/categories?post=9839"},{"taxonomy":"post_tag","embeddable":true,"href":"https:\/\/www.imsalud.gov.co\/web\/wp-json\/wp\/v2\/tags?post=9839"}],"curies":[{"name":"wp","href":"https:\/\/api.w.org\/{rel}","templated":true}]}}