{"id":98386,"date":"2024-05-08T11:29:19","date_gmt":"2024-05-08T16:29:19","guid":{"rendered":"https:\/\/www.imsalud.gov.co\/web\/?p=98386"},"modified":"2024-08-02T07:28:54","modified_gmt":"2024-08-02T12:28:54","slug":"curso-pasivi-en-las-unidades-basicas-de-comuneros-y-loma-de-bolivar","status":"publish","type":"post","link":"https:\/\/www.imsalud.gov.co\/web\/sala-de-prensa\/ultimas-noticias\/curso-pasivi-en-las-unidades-basicas-de-comuneros-y-loma-de-bolivar\/","title":{"rendered":"CURSO PASIVI EN LAS UNIDADES B\u00c1SICAS DE COMUNEROS Y LOMA DE BOL\u00cdVAR"},"content":{"rendered":"<p>En cumplimiento con lo estipulado en la Ley 1448 de 2011, donde se establece el Programa de Atenci\u00f3n Psicosocial y Salud Integral a V\u00edctimas, la E.S.E IMSALUD  art\u00edculo acciones de formaci\u00f3n con el Servicio Nacional de Aprendizaje SENA con el fin de capacitar y certificar a todo su personal; hasta el momento se ha logrado realizar encuentros presenciales y acciones virtuales con m\u00e1s de 340 colaboradores de cada una de nuestras Unidades B\u00e1sicas de Comuneros, Agua Clara, Loma de Bolivar, Puente Barco Leones, Policl\u00ednico y la UMI la Libertad,  hemos logrado impactar diferentes perfiles tanto del servicio de Consulta externa como de Urgencias; entre ellos jefes de enfermer\u00eda, m\u00e9dicos, Promotores SIAU, auxiliares de enfermer\u00eda, guardas de seguridad, regentes de farmacia y facturadores. <\/p>\n<p>Seguimos trabajando para brindarle a nuestros usuarios una atenci\u00f3n en salud con calidad.<\/p>\n<div id='gallery-1' class='gallery galleryid-98386 gallery-columns-3 gallery-size-thumbnail'><figure class='gallery-item'>\n\t\t\t<div class='gallery-icon landscape'>\n\t\t\t\t<a href='https:\/\/www.imsalud.gov.co\/web\/sala-de-prensa\/ultimas-noticias\/curso-pasivi-en-las-unidades-basicas-de-comuneros-y-loma-de-bolivar\/attachment\/441514871_928599602603697_2572626537709835963_n\/#main'><img loading=\"lazy\" decoding=\"async\" width=\"150\" height=\"150\" src=\"https:\/\/www.imsalud.gov.co\/web\/wp-content\/uploads\/2024\/05\/441514871_928599602603697_2572626537709835963_n-280x280.jpg\" class=\"attachment-thumbnail size-thumbnail\" alt=\"\" \/><\/a>\n\t\t\t<\/div><\/figure><figure class='gallery-item'>\n\t\t\t<div class='gallery-icon landscape'>\n\t\t\t\t<a href='https:\/\/www.imsalud.gov.co\/web\/sala-de-prensa\/ultimas-noticias\/curso-pasivi-en-las-unidades-basicas-de-comuneros-y-loma-de-bolivar\/attachment\/439952853_928599605937030_6354468694307110375_n\/#main'><img loading=\"lazy\" decoding=\"async\" width=\"150\" height=\"150\" src=\"https:\/\/www.imsalud.gov.co\/web\/wp-content\/uploads\/2024\/05\/439952853_928599605937030_6354468694307110375_n-280x280.jpg\" class=\"attachment-thumbnail size-thumbnail\" alt=\"\" \/><\/a>\n\t\t\t<\/div><\/figure><figure class='gallery-item'>\n\t\t\t<div class='gallery-icon landscape'>\n\t\t\t\t<a href='https:\/\/www.imsalud.gov.co\/web\/sala-de-prensa\/ultimas-noticias\/curso-pasivi-en-las-unidades-basicas-de-comuneros-y-loma-de-bolivar\/attachment\/439831173_928599615937029_9013572537735273380_n\/#main'><img loading=\"lazy\" decoding=\"async\" width=\"150\" height=\"150\" src=\"https:\/\/www.imsalud.gov.co\/web\/wp-content\/uploads\/2024\/05\/439831173_928599615937029_9013572537735273380_n-280x280.jpg\" class=\"attachment-thumbnail size-thumbnail\" alt=\"\" \/><\/a>\n\t\t\t<\/div><\/figure><figure class='gallery-item'>\n\t\t\t<div class='gallery-icon landscape'>\n\t\t\t\t<a href='https:\/\/www.imsalud.gov.co\/web\/sala-de-prensa\/ultimas-noticias\/curso-pasivi-en-las-unidades-basicas-de-comuneros-y-loma-de-bolivar\/attachment\/438173699_928599619270362_9071548698872912946_n\/#main'><img loading=\"lazy\" decoding=\"async\" width=\"150\" height=\"150\" src=\"https:\/\/www.imsalud.gov.co\/web\/wp-content\/uploads\/2024\/05\/438173699_928599619270362_9071548698872912946_n-280x280.jpg\" class=\"attachment-thumbnail size-thumbnail\" alt=\"\" \/><\/a>\n\t\t\t<\/div><\/figure><figure class='gallery-item'>\n\t\t\t<div class='gallery-icon landscape'>\n\t\t\t\t<a href='https:\/\/www.imsalud.gov.co\/web\/sala-de-prensa\/ultimas-noticias\/curso-pasivi-en-las-unidades-basicas-de-comuneros-y-loma-de-bolivar\/attachment\/438092157_928599609270363_317339911903827293_n\/#main'><img loading=\"lazy\" decoding=\"async\" width=\"150\" height=\"150\" src=\"https:\/\/www.imsalud.gov.co\/web\/wp-content\/uploads\/2024\/05\/438092157_928599609270363_317339911903827293_n-280x280.jpg\" class=\"attachment-thumbnail size-thumbnail\" alt=\"\" \/><\/a>\n\t\t\t<\/div><\/figure><figure class='gallery-item'>\n\t\t\t<div class='gallery-icon landscape'>\n\t\t\t\t<a href='https:\/\/www.imsalud.gov.co\/web\/sala-de-prensa\/ultimas-noticias\/curso-pasivi-en-las-unidades-basicas-de-comuneros-y-loma-de-bolivar\/attachment\/438081686_928599625937028_6420566530555861690_n\/#main'><img loading=\"lazy\" decoding=\"async\" width=\"150\" height=\"150\" src=\"https:\/\/www.imsalud.gov.co\/web\/wp-content\/uploads\/2024\/05\/438081686_928599625937028_6420566530555861690_n-280x280.jpg\" class=\"attachment-thumbnail size-thumbnail\" alt=\"\" \/><\/a>\n\t\t\t<\/div><\/figure>\n\t\t<\/div>\n\n","protected":false},"excerpt":{"rendered":"<p>En cumplimiento con lo estipulado en la Ley 1448 de 2011, donde se establece el Programa de Atenci\u00f3n Psicosocial y Salud Integral a V\u00edctimas, la E.S.E IMSALUD art\u00edculo acciones de [&#8230;]\n","protected":false},"author":27,"featured_media":98387,"comment_status":"closed","ping_status":"closed","sticky":false,"template":"","format":"standard","meta":{"footnotes":""},"categories":[74],"tags":[],"class_list":["post-98386","post","type-post","status-publish","format-standard","has-post-thumbnail","hentry","category-ultimas-noticias"],"_links":{"self":[{"href":"https:\/\/www.imsalud.gov.co\/web\/wp-json\/wp\/v2\/posts\/98386","targetHints":{"allow":["GET"]}}],"collection":[{"href":"https:\/\/www.imsalud.gov.co\/web\/wp-json\/wp\/v2\/posts"}],"about":[{"href":"https:\/\/www.imsalud.gov.co\/web\/wp-json\/wp\/v2\/types\/post"}],"author":[{"embeddable":true,"href":"https:\/\/www.imsalud.gov.co\/web\/wp-json\/wp\/v2\/users\/27"}],"replies":[{"embeddable":true,"href":"https:\/\/www.imsalud.gov.co\/web\/wp-json\/wp\/v2\/comments?post=98386"}],"version-history":[{"count":1,"href":"https:\/\/www.imsalud.gov.co\/web\/wp-json\/wp\/v2\/posts\/98386\/revisions"}],"predecessor-version":[{"id":98395,"href":"https:\/\/www.imsalud.gov.co\/web\/wp-json\/wp\/v2\/posts\/98386\/revisions\/98395"}],"wp:featuredmedia":[{"embeddable":true,"href":"https:\/\/www.imsalud.gov.co\/web\/wp-json\/wp\/v2\/media\/98387"}],"wp:attachment":[{"href":"https:\/\/www.imsalud.gov.co\/web\/wp-json\/wp\/v2\/media?parent=98386"}],"wp:term":[{"taxonomy":"category","embeddable":true,"href":"https:\/\/www.imsalud.gov.co\/web\/wp-json\/wp\/v2\/categories?post=98386"},{"taxonomy":"post_tag","embeddable":true,"href":"https:\/\/www.imsalud.gov.co\/web\/wp-json\/wp\/v2\/tags?post=98386"}],"curies":[{"name":"wp","href":"https:\/\/api.w.org\/{rel}","templated":true}]}}