{"id":98300,"date":"2024-05-02T15:47:25","date_gmt":"2024-05-02T20:47:25","guid":{"rendered":"https:\/\/www.imsalud.gov.co\/web\/?p=98300"},"modified":"2024-08-02T07:28:56","modified_gmt":"2024-08-02T12:28:56","slug":"posesion-de-andrea-juliana-porras-nava-nueva-jefe-de-la-oficina-de-administracion-laboral","status":"publish","type":"post","link":"https:\/\/www.imsalud.gov.co\/web\/sala-de-prensa\/ultimas-noticias\/posesion-de-andrea-juliana-porras-nava-nueva-jefe-de-la-oficina-de-administracion-laboral\/","title":{"rendered":"POSESI\u00d3N DE ANDREA JULIANA PORRAS NAVA, NUEVA JEFE DE LA OFICINA DE ADMINISTRACI\u00d3N LABORAL"},"content":{"rendered":"<p>En un acto oficial,  presidido por el doctor Javier Prieto, gerente de la ESE Imsalud y en compa\u00f1\u00eda del subgerente administrativo, Yango Rodr\u00edguez; se llev\u00f3 a cabo la posesi\u00f3n de Andrea Juliana Porras Nava como la nueva jefa de la Oficina de Administraci\u00f3n Laboral.<br \/>\nPorras Nava asumir\u00e1 el liderazgo de esta importante dependencia durante la gesti\u00f3n del Dr. Prieto.<br \/>\nDesde la ESE Imsalud extendemos nuestros mejores deseos de \u00e9xito a Andrea Juliana Porras Nava en su nuevo rol.<\/p>\n<div id='gallery-1' class='gallery galleryid-98300 gallery-columns-3 gallery-size-thumbnail'><figure class='gallery-item'>\n\t\t\t<div class='gallery-icon landscape'>\n\t\t\t\t<a href='https:\/\/www.imsalud.gov.co\/web\/sala-de-prensa\/ultimas-noticias\/posesion-de-andrea-juliana-porras-nava-nueva-jefe-de-la-oficina-de-administracion-laboral\/attachment\/438060024_926395176157473_1907038189128243749_n\/#main'><img loading=\"lazy\" decoding=\"async\" width=\"150\" height=\"150\" src=\"https:\/\/www.imsalud.gov.co\/web\/wp-content\/uploads\/2024\/05\/438060024_926395176157473_1907038189128243749_n-280x280.jpg\" class=\"attachment-thumbnail size-thumbnail\" alt=\"\" \/><\/a>\n\t\t\t<\/div><\/figure><figure class='gallery-item'>\n\t\t\t<div class='gallery-icon landscape'>\n\t\t\t\t<a href='https:\/\/www.imsalud.gov.co\/web\/sala-de-prensa\/ultimas-noticias\/posesion-de-andrea-juliana-porras-nava-nueva-jefe-de-la-oficina-de-administracion-laboral\/attachment\/438102575_926395182824139_8824785612469520324_n\/#main'><img loading=\"lazy\" decoding=\"async\" width=\"150\" height=\"150\" src=\"https:\/\/www.imsalud.gov.co\/web\/wp-content\/uploads\/2024\/05\/438102575_926395182824139_8824785612469520324_n-280x280.jpg\" class=\"attachment-thumbnail size-thumbnail\" alt=\"\" \/><\/a>\n\t\t\t<\/div><\/figure><figure class='gallery-item'>\n\t\t\t<div class='gallery-icon landscape'>\n\t\t\t\t<a href='https:\/\/www.imsalud.gov.co\/web\/sala-de-prensa\/ultimas-noticias\/posesion-de-andrea-juliana-porras-nava-nueva-jefe-de-la-oficina-de-administracion-laboral\/attachment\/438160929_926395172824140_1245217283887449185_n\/#main'><img loading=\"lazy\" decoding=\"async\" width=\"150\" height=\"150\" src=\"https:\/\/www.imsalud.gov.co\/web\/wp-content\/uploads\/2024\/05\/438160929_926395172824140_1245217283887449185_n-280x280.jpg\" class=\"attachment-thumbnail size-thumbnail\" alt=\"\" \/><\/a>\n\t\t\t<\/div><\/figure>\n\t\t<\/div>\n\n","protected":false},"excerpt":{"rendered":"<p>En un acto oficial, presidido por el doctor Javier Prieto, gerente de la ESE Imsalud y en compa\u00f1\u00eda del subgerente administrativo, Yango Rodr\u00edguez; se llev\u00f3 a cabo la posesi\u00f3n de [&#8230;]\n","protected":false},"author":27,"featured_media":98304,"comment_status":"closed","ping_status":"closed","sticky":false,"template":"","format":"standard","meta":{"footnotes":""},"categories":[74],"tags":[],"class_list":["post-98300","post","type-post","status-publish","format-standard","has-post-thumbnail","hentry","category-ultimas-noticias"],"_links":{"self":[{"href":"https:\/\/www.imsalud.gov.co\/web\/wp-json\/wp\/v2\/posts\/98300","targetHints":{"allow":["GET"]}}],"collection":[{"href":"https:\/\/www.imsalud.gov.co\/web\/wp-json\/wp\/v2\/posts"}],"about":[{"href":"https:\/\/www.imsalud.gov.co\/web\/wp-json\/wp\/v2\/types\/post"}],"author":[{"embeddable":true,"href":"https:\/\/www.imsalud.gov.co\/web\/wp-json\/wp\/v2\/users\/27"}],"replies":[{"embeddable":true,"href":"https:\/\/www.imsalud.gov.co\/web\/wp-json\/wp\/v2\/comments?post=98300"}],"version-history":[{"count":1,"href":"https:\/\/www.imsalud.gov.co\/web\/wp-json\/wp\/v2\/posts\/98300\/revisions"}],"predecessor-version":[{"id":98305,"href":"https:\/\/www.imsalud.gov.co\/web\/wp-json\/wp\/v2\/posts\/98300\/revisions\/98305"}],"wp:featuredmedia":[{"embeddable":true,"href":"https:\/\/www.imsalud.gov.co\/web\/wp-json\/wp\/v2\/media\/98304"}],"wp:attachment":[{"href":"https:\/\/www.imsalud.gov.co\/web\/wp-json\/wp\/v2\/media?parent=98300"}],"wp:term":[{"taxonomy":"category","embeddable":true,"href":"https:\/\/www.imsalud.gov.co\/web\/wp-json\/wp\/v2\/categories?post=98300"},{"taxonomy":"post_tag","embeddable":true,"href":"https:\/\/www.imsalud.gov.co\/web\/wp-json\/wp\/v2\/tags?post=98300"}],"curies":[{"name":"wp","href":"https:\/\/api.w.org\/{rel}","templated":true}]}}