{"id":98255,"date":"2024-04-29T09:14:18","date_gmt":"2024-04-29T14:14:18","guid":{"rendered":"https:\/\/www.imsalud.gov.co\/web\/?p=98255"},"modified":"2024-08-02T07:28:56","modified_gmt":"2024-08-02T12:28:56","slug":"participamos-del-dia-mundial-de-la-ninez-en-el-colegio-sagrado-corazon-de-jesus","status":"publish","type":"post","link":"https:\/\/www.imsalud.gov.co\/web\/sala-de-prensa\/ultimas-noticias\/participamos-del-dia-mundial-de-la-ninez-en-el-colegio-sagrado-corazon-de-jesus\/","title":{"rendered":"PARTICIPAMOS DEL D\u00cdA MUNDIAL DE LA NI\u00d1EZ EN EL COLEGIO SAGRADO CORAZ\u00d3N DE JES\u00daS"},"content":{"rendered":"<p> \u00a1Celebramos juntos el D\u00eda Mundial de la Ni\u00f1ez en C\u00facuta! ?<\/p>\n<p>La ESE Imsalud bajo la direcci\u00f3n del Doctor Javier Prieto, gerente; se uni\u00f3 a esta hermosa jornada llena de diversi\u00f3n y alegr\u00eda en el Colegio Sagrado Coraz\u00f3n de Jes\u00fas, sede B Antonia Santos, en el barrio El P\u00e1ramo. Gracias a la Alcald\u00eda de C\u00facuta, la Gestora Municipal Yirley Vargas y el Departamento Administrativo de Bienestar Social por hacerlo posible.<br \/>\n \u00a1Ni\u00f1os, ni\u00f1as y padres de familia disfrutaron de un d\u00eda inolvidable con bailes, juegos y mucha diversi\u00f3n! Adem\u00e1s, nuestro subgerente administrativo y financiero, Yango Rodr\u00edguez Beltr\u00e1n, record\u00f3 a los padres de familia los servicios que ofrecemos en la ESE Imsalud. <\/p>\n<p>\u00a1Seguimos trabajando por el trato humanizado y el bienestar de nuestra comunidad! ?<br \/>\n<div id='gallery-1' class='gallery galleryid-98255 gallery-columns-3 gallery-size-thumbnail'><figure class='gallery-item'>\n\t\t\t<div class='gallery-icon landscape'>\n\t\t\t\t<a href='https:\/\/www.imsalud.gov.co\/web\/sala-de-prensa\/ultimas-noticias\/participamos-del-dia-mundial-de-la-ninez-en-el-colegio-sagrado-corazon-de-jesus\/attachment\/440322570_923011843162473_3370915724285786014_n\/#main'><img loading=\"lazy\" decoding=\"async\" width=\"150\" height=\"150\" src=\"https:\/\/www.imsalud.gov.co\/web\/wp-content\/uploads\/2024\/04\/440322570_923011843162473_3370915724285786014_n-280x280.jpg\" class=\"attachment-thumbnail size-thumbnail\" alt=\"\" \/><\/a>\n\t\t\t<\/div><\/figure><figure class='gallery-item'>\n\t\t\t<div class='gallery-icon landscape'>\n\t\t\t\t<a href='https:\/\/www.imsalud.gov.co\/web\/sala-de-prensa\/ultimas-noticias\/participamos-del-dia-mundial-de-la-ninez-en-el-colegio-sagrado-corazon-de-jesus\/attachment\/440250218_923011776495813_8976766154439361235_n\/#main'><img loading=\"lazy\" decoding=\"async\" width=\"150\" height=\"150\" src=\"https:\/\/www.imsalud.gov.co\/web\/wp-content\/uploads\/2024\/04\/440250218_923011776495813_8976766154439361235_n-280x280.jpg\" class=\"attachment-thumbnail size-thumbnail\" alt=\"\" \/><\/a>\n\t\t\t<\/div><\/figure><figure class='gallery-item'>\n\t\t\t<div class='gallery-icon landscape'>\n\t\t\t\t<a href='https:\/\/www.imsalud.gov.co\/web\/sala-de-prensa\/ultimas-noticias\/participamos-del-dia-mundial-de-la-ninez-en-el-colegio-sagrado-corazon-de-jesus\/attachment\/440797711_923011889829135_8372222336634665836_n\/#main'><img loading=\"lazy\" decoding=\"async\" width=\"150\" height=\"150\" src=\"https:\/\/www.imsalud.gov.co\/web\/wp-content\/uploads\/2024\/04\/440797711_923011889829135_8372222336634665836_n-280x280.jpg\" class=\"attachment-thumbnail size-thumbnail\" alt=\"\" \/><\/a>\n\t\t\t<\/div><\/figure><figure class='gallery-item'>\n\t\t\t<div class='gallery-icon landscape'>\n\t\t\t\t<a href='https:\/\/www.imsalud.gov.co\/web\/sala-de-prensa\/ultimas-noticias\/participamos-del-dia-mundial-de-la-ninez-en-el-colegio-sagrado-corazon-de-jesus\/attachment\/440095562_923011179829206_2233936660743904680_n\/#main'><img loading=\"lazy\" decoding=\"async\" width=\"150\" height=\"150\" src=\"https:\/\/www.imsalud.gov.co\/web\/wp-content\/uploads\/2024\/04\/440095562_923011179829206_2233936660743904680_n-280x280.jpg\" class=\"attachment-thumbnail size-thumbnail\" alt=\"\" \/><\/a>\n\t\t\t<\/div><\/figure><figure class='gallery-item'>\n\t\t\t<div class='gallery-icon landscape'>\n\t\t\t\t<a href='https:\/\/www.imsalud.gov.co\/web\/sala-de-prensa\/ultimas-noticias\/participamos-del-dia-mundial-de-la-ninez-en-el-colegio-sagrado-corazon-de-jesus\/attachment\/440042063_923011916495799_621440374912239832_n\/#main'><img loading=\"lazy\" decoding=\"async\" width=\"150\" height=\"150\" src=\"https:\/\/www.imsalud.gov.co\/web\/wp-content\/uploads\/2024\/04\/440042063_923011916495799_621440374912239832_n-280x280.jpg\" class=\"attachment-thumbnail size-thumbnail\" alt=\"\" \/><\/a>\n\t\t\t<\/div><\/figure><figure class='gallery-item'>\n\t\t\t<div class='gallery-icon landscape'>\n\t\t\t\t<a href='https:\/\/www.imsalud.gov.co\/web\/sala-de-prensa\/ultimas-noticias\/participamos-del-dia-mundial-de-la-ninez-en-el-colegio-sagrado-corazon-de-jesus\/attachment\/439987067_923011246495866_372895101567757824_n\/#main'><img loading=\"lazy\" decoding=\"async\" width=\"150\" height=\"150\" src=\"https:\/\/www.imsalud.gov.co\/web\/wp-content\/uploads\/2024\/04\/439987067_923011246495866_372895101567757824_n-280x280.jpg\" class=\"attachment-thumbnail size-thumbnail\" alt=\"\" \/><\/a>\n\t\t\t<\/div><\/figure><figure class='gallery-item'>\n\t\t\t<div class='gallery-icon landscape'>\n\t\t\t\t<a href='https:\/\/www.imsalud.gov.co\/web\/sala-de-prensa\/ultimas-noticias\/participamos-del-dia-mundial-de-la-ninez-en-el-colegio-sagrado-corazon-de-jesus\/attachment\/439337202_923011673162490_300390070281704067_n\/#main'><img loading=\"lazy\" decoding=\"async\" width=\"150\" height=\"150\" src=\"https:\/\/www.imsalud.gov.co\/web\/wp-content\/uploads\/2024\/04\/439337202_923011673162490_300390070281704067_n-280x280.jpg\" class=\"attachment-thumbnail size-thumbnail\" alt=\"\" \/><\/a>\n\t\t\t<\/div><\/figure>\n\t\t<\/div>\n\n","protected":false},"excerpt":{"rendered":"<p>\u00a1Celebramos juntos el D\u00eda Mundial de la Ni\u00f1ez en C\u00facuta! ? La ESE Imsalud bajo la direcci\u00f3n del Doctor Javier Prieto, gerente; se uni\u00f3 a esta hermosa jornada llena de [&#8230;]\n","protected":false},"author":27,"featured_media":98260,"comment_status":"closed","ping_status":"closed","sticky":false,"template":"","format":"standard","meta":{"footnotes":""},"categories":[74],"tags":[],"class_list":["post-98255","post","type-post","status-publish","format-standard","has-post-thumbnail","hentry","category-ultimas-noticias"],"_links":{"self":[{"href":"https:\/\/www.imsalud.gov.co\/web\/wp-json\/wp\/v2\/posts\/98255","targetHints":{"allow":["GET"]}}],"collection":[{"href":"https:\/\/www.imsalud.gov.co\/web\/wp-json\/wp\/v2\/posts"}],"about":[{"href":"https:\/\/www.imsalud.gov.co\/web\/wp-json\/wp\/v2\/types\/post"}],"author":[{"embeddable":true,"href":"https:\/\/www.imsalud.gov.co\/web\/wp-json\/wp\/v2\/users\/27"}],"replies":[{"embeddable":true,"href":"https:\/\/www.imsalud.gov.co\/web\/wp-json\/wp\/v2\/comments?post=98255"}],"version-history":[{"count":1,"href":"https:\/\/www.imsalud.gov.co\/web\/wp-json\/wp\/v2\/posts\/98255\/revisions"}],"predecessor-version":[{"id":98264,"href":"https:\/\/www.imsalud.gov.co\/web\/wp-json\/wp\/v2\/posts\/98255\/revisions\/98264"}],"wp:featuredmedia":[{"embeddable":true,"href":"https:\/\/www.imsalud.gov.co\/web\/wp-json\/wp\/v2\/media\/98260"}],"wp:attachment":[{"href":"https:\/\/www.imsalud.gov.co\/web\/wp-json\/wp\/v2\/media?parent=98255"}],"wp:term":[{"taxonomy":"category","embeddable":true,"href":"https:\/\/www.imsalud.gov.co\/web\/wp-json\/wp\/v2\/categories?post=98255"},{"taxonomy":"post_tag","embeddable":true,"href":"https:\/\/www.imsalud.gov.co\/web\/wp-json\/wp\/v2\/tags?post=98255"}],"curies":[{"name":"wp","href":"https:\/\/api.w.org\/{rel}","templated":true}]}}