{"id":98241,"date":"2024-04-29T09:03:32","date_gmt":"2024-04-29T14:03:32","guid":{"rendered":"https:\/\/www.imsalud.gov.co\/web\/?p=98241"},"modified":"2024-08-02T07:28:57","modified_gmt":"2024-08-02T12:28:57","slug":"eucaristia-en-conmemoracion-al-dia-de-la-secretaria","status":"publish","type":"post","link":"https:\/\/www.imsalud.gov.co\/web\/sala-de-prensa\/ultimas-noticias\/eucaristia-en-conmemoracion-al-dia-de-la-secretaria\/","title":{"rendered":"EUCARIST\u00cdA EN CONMEMORACI\u00d3N AL D\u00cdA DE LA SECRETARIA"},"content":{"rendered":"<p>En honor al D\u00eda de la Secretaria?\u200d?, el d\u00eda de ayer celebramos una Santa Eucarist\u00eda, presidida por el sacerdote Freddy Medina y en compa\u00f1\u00eda del Dr. Javier Prieto, nuestro gerente, y todo nuestro equipo de trabajo.<\/p>\n<p>Durante la ceremonia, el Dr. Prieto expres\u00f3 su profundo agradecimiento a nuestras queridas secretarias por su compromiso incansable y su valiosa contribuci\u00f3n a nuestra instituci\u00f3n, reconociendo su dedicaci\u00f3n, profesionalismo y su esfuerzo constante para brindar una atenci\u00f3n de calidad y humanizada a nuestros usuarios.<br \/>\nEsta celebraci\u00f3n no solo fue un momento para honrar el arduo trabajo de nuestras secretarias, sino tambi\u00e9n una oportunidad para fortalecer los lazos de compa\u00f1erismo y unidad entre todos los miembros de nuestro equipo. <\/p>\n<p>\u00a1Juntos, seguimos comprometidos con nuestro prop\u00f3sito de servir con excelencia!<br \/>\n<div id='gallery-1' class='gallery galleryid-98241 gallery-columns-3 gallery-size-thumbnail'><figure class='gallery-item'>\n\t\t\t<div class='gallery-icon landscape'>\n\t\t\t\t<a href='https:\/\/www.imsalud.gov.co\/web\/sala-de-prensa\/ultimas-noticias\/eucaristia-en-conmemoracion-al-dia-de-la-secretaria\/attachment\/439993608_922895339840790_1800829067544573815_n\/#main'><img loading=\"lazy\" decoding=\"async\" width=\"150\" height=\"150\" src=\"https:\/\/www.imsalud.gov.co\/web\/wp-content\/uploads\/2024\/04\/439993608_922895339840790_1800829067544573815_n-280x280.jpg\" class=\"attachment-thumbnail size-thumbnail\" alt=\"\" \/><\/a>\n\t\t\t<\/div><\/figure><figure class='gallery-item'>\n\t\t\t<div class='gallery-icon landscape'>\n\t\t\t\t<a href='https:\/\/www.imsalud.gov.co\/web\/sala-de-prensa\/ultimas-noticias\/eucaristia-en-conmemoracion-al-dia-de-la-secretaria\/attachment\/440005695_922895249840799_673592379244165460_n\/#main'><img loading=\"lazy\" decoding=\"async\" width=\"150\" height=\"150\" src=\"https:\/\/www.imsalud.gov.co\/web\/wp-content\/uploads\/2024\/04\/440005695_922895249840799_673592379244165460_n-280x280.jpg\" class=\"attachment-thumbnail size-thumbnail\" alt=\"\" \/><\/a>\n\t\t\t<\/div><\/figure><figure class='gallery-item'>\n\t\t\t<div class='gallery-icon landscape'>\n\t\t\t\t<a href='https:\/\/www.imsalud.gov.co\/web\/sala-de-prensa\/ultimas-noticias\/eucaristia-en-conmemoracion-al-dia-de-la-secretaria\/attachment\/440102710_922895513174106_7441780840870662691_n\/#main'><img loading=\"lazy\" decoding=\"async\" width=\"150\" height=\"150\" src=\"https:\/\/www.imsalud.gov.co\/web\/wp-content\/uploads\/2024\/04\/440102710_922895513174106_7441780840870662691_n-280x280.jpg\" class=\"attachment-thumbnail size-thumbnail\" alt=\"\" \/><\/a>\n\t\t\t<\/div><\/figure><figure class='gallery-item'>\n\t\t\t<div class='gallery-icon landscape'>\n\t\t\t\t<a href='https:\/\/www.imsalud.gov.co\/web\/sala-de-prensa\/ultimas-noticias\/eucaristia-en-conmemoracion-al-dia-de-la-secretaria\/attachment\/440368250_922895366507454_6961357380547302428_n\/#main'><img loading=\"lazy\" decoding=\"async\" width=\"150\" height=\"150\" src=\"https:\/\/www.imsalud.gov.co\/web\/wp-content\/uploads\/2024\/04\/440368250_922895366507454_6961357380547302428_n-280x280.jpg\" class=\"attachment-thumbnail size-thumbnail\" alt=\"\" \/><\/a>\n\t\t\t<\/div><\/figure><figure class='gallery-item'>\n\t\t\t<div class='gallery-icon landscape'>\n\t\t\t\t<a href='https:\/\/www.imsalud.gov.co\/web\/sala-de-prensa\/ultimas-noticias\/eucaristia-en-conmemoracion-al-dia-de-la-secretaria\/attachment\/440315944_922895426507448_7338756427175803831_n\/#main'><img loading=\"lazy\" decoding=\"async\" width=\"150\" height=\"150\" src=\"https:\/\/www.imsalud.gov.co\/web\/wp-content\/uploads\/2024\/04\/440315944_922895426507448_7338756427175803831_n-280x280.jpg\" class=\"attachment-thumbnail size-thumbnail\" alt=\"\" \/><\/a>\n\t\t\t<\/div><\/figure><figure class='gallery-item'>\n\t\t\t<div class='gallery-icon landscape'>\n\t\t\t\t<a href='https:\/\/www.imsalud.gov.co\/web\/sala-de-prensa\/ultimas-noticias\/eucaristia-en-conmemoracion-al-dia-de-la-secretaria\/attachment\/440286391_922895833174074_6818831675815686046_n\/#main'><img loading=\"lazy\" decoding=\"async\" width=\"150\" height=\"150\" src=\"https:\/\/www.imsalud.gov.co\/web\/wp-content\/uploads\/2024\/04\/440286391_922895833174074_6818831675815686046_n-280x280.jpg\" class=\"attachment-thumbnail size-thumbnail\" alt=\"\" \/><\/a>\n\t\t\t<\/div><\/figure><figure class='gallery-item'>\n\t\t\t<div class='gallery-icon landscape'>\n\t\t\t\t<a href='https:\/\/www.imsalud.gov.co\/web\/sala-de-prensa\/ultimas-noticias\/eucaristia-en-conmemoracion-al-dia-de-la-secretaria\/attachment\/439991890_922895706507420_6517292039910810247_n\/#main'><img loading=\"lazy\" decoding=\"async\" width=\"150\" height=\"150\" src=\"https:\/\/www.imsalud.gov.co\/web\/wp-content\/uploads\/2024\/04\/439991890_922895706507420_6517292039910810247_n-280x280.jpg\" class=\"attachment-thumbnail size-thumbnail\" alt=\"\" \/><\/a>\n\t\t\t<\/div><\/figure><figure class='gallery-item'>\n\t\t\t<div class='gallery-icon landscape'>\n\t\t\t\t<a href='https:\/\/www.imsalud.gov.co\/web\/sala-de-prensa\/ultimas-noticias\/eucaristia-en-conmemoracion-al-dia-de-la-secretaria\/attachment\/440208055_922895639840760_6128215263300294332_n\/#main'><img loading=\"lazy\" decoding=\"async\" width=\"150\" height=\"150\" src=\"https:\/\/www.imsalud.gov.co\/web\/wp-content\/uploads\/2024\/04\/440208055_922895639840760_6128215263300294332_n-280x280.jpg\" class=\"attachment-thumbnail size-thumbnail\" alt=\"\" \/><\/a>\n\t\t\t<\/div><\/figure><figure class='gallery-item'>\n\t\t\t<div class='gallery-icon landscape'>\n\t\t\t\t<a href='https:\/\/www.imsalud.gov.co\/web\/sala-de-prensa\/ultimas-noticias\/eucaristia-en-conmemoracion-al-dia-de-la-secretaria\/attachment\/440144479_922895389840785_1080457445072224582_n\/#main'><img loading=\"lazy\" decoding=\"async\" width=\"150\" height=\"150\" src=\"https:\/\/www.imsalud.gov.co\/web\/wp-content\/uploads\/2024\/04\/440144479_922895389840785_1080457445072224582_n-280x280.jpg\" class=\"attachment-thumbnail size-thumbnail\" alt=\"\" \/><\/a>\n\t\t\t<\/div><\/figure>\n\t\t<\/div>\n\n","protected":false},"excerpt":{"rendered":"<p>En honor al D\u00eda de la Secretaria?\u200d?, el d\u00eda de ayer celebramos una Santa Eucarist\u00eda, presidida por el sacerdote Freddy Medina y en compa\u00f1\u00eda del Dr. Javier Prieto, nuestro gerente, [&#8230;]\n","protected":false},"author":27,"featured_media":98247,"comment_status":"closed","ping_status":"closed","sticky":false,"template":"","format":"standard","meta":{"footnotes":""},"categories":[74],"tags":[],"class_list":["post-98241","post","type-post","status-publish","format-standard","has-post-thumbnail","hentry","category-ultimas-noticias"],"_links":{"self":[{"href":"https:\/\/www.imsalud.gov.co\/web\/wp-json\/wp\/v2\/posts\/98241","targetHints":{"allow":["GET"]}}],"collection":[{"href":"https:\/\/www.imsalud.gov.co\/web\/wp-json\/wp\/v2\/posts"}],"about":[{"href":"https:\/\/www.imsalud.gov.co\/web\/wp-json\/wp\/v2\/types\/post"}],"author":[{"embeddable":true,"href":"https:\/\/www.imsalud.gov.co\/web\/wp-json\/wp\/v2\/users\/27"}],"replies":[{"embeddable":true,"href":"https:\/\/www.imsalud.gov.co\/web\/wp-json\/wp\/v2\/comments?post=98241"}],"version-history":[{"count":1,"href":"https:\/\/www.imsalud.gov.co\/web\/wp-json\/wp\/v2\/posts\/98241\/revisions"}],"predecessor-version":[{"id":98254,"href":"https:\/\/www.imsalud.gov.co\/web\/wp-json\/wp\/v2\/posts\/98241\/revisions\/98254"}],"wp:featuredmedia":[{"embeddable":true,"href":"https:\/\/www.imsalud.gov.co\/web\/wp-json\/wp\/v2\/media\/98247"}],"wp:attachment":[{"href":"https:\/\/www.imsalud.gov.co\/web\/wp-json\/wp\/v2\/media?parent=98241"}],"wp:term":[{"taxonomy":"category","embeddable":true,"href":"https:\/\/www.imsalud.gov.co\/web\/wp-json\/wp\/v2\/categories?post=98241"},{"taxonomy":"post_tag","embeddable":true,"href":"https:\/\/www.imsalud.gov.co\/web\/wp-json\/wp\/v2\/tags?post=98241"}],"curies":[{"name":"wp","href":"https:\/\/api.w.org\/{rel}","templated":true}]}}