{"id":9672,"date":"2016-11-24T05:00:00","date_gmt":"2016-11-24T10:00:00","guid":{"rendered":"http:\/\/www.imsalud.gov.co\/web\/resolucion-317-por-la-cual-se-designa-representantes-a-la-comision-de-personal-por-la-gerencia\/"},"modified":"2018-12-06T13:30:13","modified_gmt":"2018-12-06T18:30:13","slug":"resolucion-317-por-la-cual-se-designa-representantes-a-la-comision-de-personal-por-la-gerencia","status":"publish","type":"post","link":"https:\/\/www.imsalud.gov.co\/web\/nosotros\/dependencias\/laboral\/resolucion-317-por-la-cual-se-designa-representantes-a-la-comision-de-personal-por-la-gerencia\/","title":{"rendered":"Resoluci\u00f3n 317 &#8211; Por la cual se designa Representantes a la Comisi\u00f3n de Personal por la Gerencia"},"content":{"rendered":"<p>Por la cual se designa Representantes a la Comisi\u00f3n de Personal por la Gerencia de la ESE IMSALUD<\/p>\n<p><a href=\"http:\/\/www.imsalud.gov.co\/web\/wp-content\/uploads\/2016\/11\/RESOLUCION%20317_1.PDF\">Ver Documento<\/a><\/p>\n","protected":false},"excerpt":{"rendered":"<p>Por la cual se designa Representantes a la Comisi\u00f3n de Personal por la Gerencia de la ESE IMSALUD Ver Documento<\/p>\n","protected":false},"author":19,"featured_media":0,"comment_status":"open","ping_status":"open","sticky":false,"template":"","format":"standard","meta":{"footnotes":""},"categories":[401],"tags":[],"class_list":["post-9672","post","type-post","status-publish","format-standard","hentry","category-laboral"],"_links":{"self":[{"href":"https:\/\/www.imsalud.gov.co\/web\/wp-json\/wp\/v2\/posts\/9672","targetHints":{"allow":["GET"]}}],"collection":[{"href":"https:\/\/www.imsalud.gov.co\/web\/wp-json\/wp\/v2\/posts"}],"about":[{"href":"https:\/\/www.imsalud.gov.co\/web\/wp-json\/wp\/v2\/types\/post"}],"author":[{"embeddable":true,"href":"https:\/\/www.imsalud.gov.co\/web\/wp-json\/wp\/v2\/users\/19"}],"replies":[{"embeddable":true,"href":"https:\/\/www.imsalud.gov.co\/web\/wp-json\/wp\/v2\/comments?post=9672"}],"version-history":[{"count":1,"href":"https:\/\/www.imsalud.gov.co\/web\/wp-json\/wp\/v2\/posts\/9672\/revisions"}],"predecessor-version":[{"id":18153,"href":"https:\/\/www.imsalud.gov.co\/web\/wp-json\/wp\/v2\/posts\/9672\/revisions\/18153"}],"wp:attachment":[{"href":"https:\/\/www.imsalud.gov.co\/web\/wp-json\/wp\/v2\/media?parent=9672"}],"wp:term":[{"taxonomy":"category","embeddable":true,"href":"https:\/\/www.imsalud.gov.co\/web\/wp-json\/wp\/v2\/categories?post=9672"},{"taxonomy":"post_tag","embeddable":true,"href":"https:\/\/www.imsalud.gov.co\/web\/wp-json\/wp\/v2\/tags?post=9672"}],"curies":[{"name":"wp","href":"https:\/\/api.w.org\/{rel}","templated":true}]}}