{"id":9670,"date":"2016-11-24T05:00:00","date_gmt":"2016-11-24T10:00:00","guid":{"rendered":"http:\/\/www.imsalud.gov.co\/web\/resolucion-por-la-cual-se-reconoce-la-eleccion-de-los-representantes-de-los-empleados-ante-la-comision-de-personal\/"},"modified":"2018-12-06T13:29:23","modified_gmt":"2018-12-06T18:29:23","slug":"resolucion-por-la-cual-se-reconoce-la-eleccion-de-los-representantes-de-los-empleados-ante-la-comision-de-personal","status":"publish","type":"post","link":"https:\/\/www.imsalud.gov.co\/web\/nosotros\/dependencias\/laboral\/resolucion-por-la-cual-se-reconoce-la-eleccion-de-los-representantes-de-los-empleados-ante-la-comision-de-personal\/","title":{"rendered":"Resoluci\u00f3n 308 &#8211; Por la cual se reconoce la elecci\u00f3n de los representantes de los empleados ante la Comisi\u00f3n de Personal"},"content":{"rendered":"<p>Resoluci\u00f3n por la cual se reconoce la elecci\u00f3n de los representantes de los empleados ante la Comisi\u00f3n de Personal de la ESE IMSALUD<\/p>\n<p><a href=\"http:\/\/www.imsalud.gov.co\/web\/wp-content\/uploads\/2016\/11\/RESOLUCION%20308_1.PDF\" target=\"_blank\">Ver Documento<\/a><\/p>\n","protected":false},"excerpt":{"rendered":"<p>Resoluci\u00f3n por la cual se reconoce la elecci\u00f3n de los representantes de los empleados ante la Comisi\u00f3n de Personal de la ESE IMSALUD Ver Documento<\/p>\n","protected":false},"author":19,"featured_media":0,"comment_status":"open","ping_status":"open","sticky":false,"template":"","format":"standard","meta":{"footnotes":""},"categories":[401],"tags":[],"class_list":["post-9670","post","type-post","status-publish","format-standard","hentry","category-laboral"],"_links":{"self":[{"href":"https:\/\/www.imsalud.gov.co\/web\/wp-json\/wp\/v2\/posts\/9670","targetHints":{"allow":["GET"]}}],"collection":[{"href":"https:\/\/www.imsalud.gov.co\/web\/wp-json\/wp\/v2\/posts"}],"about":[{"href":"https:\/\/www.imsalud.gov.co\/web\/wp-json\/wp\/v2\/types\/post"}],"author":[{"embeddable":true,"href":"https:\/\/www.imsalud.gov.co\/web\/wp-json\/wp\/v2\/users\/19"}],"replies":[{"embeddable":true,"href":"https:\/\/www.imsalud.gov.co\/web\/wp-json\/wp\/v2\/comments?post=9670"}],"version-history":[{"count":1,"href":"https:\/\/www.imsalud.gov.co\/web\/wp-json\/wp\/v2\/posts\/9670\/revisions"}],"predecessor-version":[{"id":18152,"href":"https:\/\/www.imsalud.gov.co\/web\/wp-json\/wp\/v2\/posts\/9670\/revisions\/18152"}],"wp:attachment":[{"href":"https:\/\/www.imsalud.gov.co\/web\/wp-json\/wp\/v2\/media?parent=9670"}],"wp:term":[{"taxonomy":"category","embeddable":true,"href":"https:\/\/www.imsalud.gov.co\/web\/wp-json\/wp\/v2\/categories?post=9670"},{"taxonomy":"post_tag","embeddable":true,"href":"https:\/\/www.imsalud.gov.co\/web\/wp-json\/wp\/v2\/tags?post=9670"}],"curies":[{"name":"wp","href":"https:\/\/api.w.org\/{rel}","templated":true}]}}