{"id":9659,"date":"2016-11-22T05:00:00","date_gmt":"2016-11-22T10:00:00","guid":{"rendered":"http:\/\/www.imsalud.gov.co\/web\/eventos-de-familias-al-parque-en-el-barrio-cundinamarca\/"},"modified":"2016-11-22T05:00:00","modified_gmt":"2016-11-22T10:00:00","slug":"eventos-de-familias-al-parque-en-el-barrio-cundinamarca","status":"publish","type":"post","link":"https:\/\/www.imsalud.gov.co\/web\/nosotros\/dependencias\/pyp\/tuberculosis-lepra\/eventos-de-familias-al-parque-en-el-barrio-cundinamarca\/","title":{"rendered":"Eventos de Familias al Parque en el barrio Cundinamarca."},"content":{"rendered":"<p>Eventos de Familias al Parque realizado el d\u00eda 16-11-16 en barrio Cundinamarca para dar cumplimiento al componente \u00bb Integrar la TB en la macro estrategia municipal de Familias al Parque a trav\u00e9s del desarrollo de eventos culturales l\u00fadicos y recreativos con Iniciativas Juveniles en los parques de las comunas identificadas con factores de riesgo orientados a prevenir\u00a0 e\u00a0 identificar tempranamente la TB bajo la l\u00ednea de comunicaci\u00f3n TODOS SOMOS PARTE DE LA SOLUCI\u00d3N. \u00abDesarrollo de eventos l\u00fadicos y recreativos con Iniciativas Juveniles en los parques identificados con factores de riesgo orientados en la\u00a0 prevenci\u00f3n de ITS, el VIHY\/SIDA.<\/p>\n","protected":false},"excerpt":{"rendered":"<p>Eventos de Familias al Parque realizado el d\u00eda 16-11-16 en barrio Cundinamarca para dar cumplimiento al componente \u00bb Integrar la TB en la macro estrategia municipal de Familias al Parque [&#8230;]\n","protected":false},"author":19,"featured_media":0,"comment_status":"open","ping_status":"open","sticky":false,"template":"","format":"standard","meta":{"footnotes":""},"categories":[390],"tags":[],"class_list":["post-9659","post","type-post","status-publish","format-standard","hentry","category-tuberculosis-lepra"],"_links":{"self":[{"href":"https:\/\/www.imsalud.gov.co\/web\/wp-json\/wp\/v2\/posts\/9659","targetHints":{"allow":["GET"]}}],"collection":[{"href":"https:\/\/www.imsalud.gov.co\/web\/wp-json\/wp\/v2\/posts"}],"about":[{"href":"https:\/\/www.imsalud.gov.co\/web\/wp-json\/wp\/v2\/types\/post"}],"author":[{"embeddable":true,"href":"https:\/\/www.imsalud.gov.co\/web\/wp-json\/wp\/v2\/users\/19"}],"replies":[{"embeddable":true,"href":"https:\/\/www.imsalud.gov.co\/web\/wp-json\/wp\/v2\/comments?post=9659"}],"version-history":[{"count":0,"href":"https:\/\/www.imsalud.gov.co\/web\/wp-json\/wp\/v2\/posts\/9659\/revisions"}],"wp:attachment":[{"href":"https:\/\/www.imsalud.gov.co\/web\/wp-json\/wp\/v2\/media?parent=9659"}],"wp:term":[{"taxonomy":"category","embeddable":true,"href":"https:\/\/www.imsalud.gov.co\/web\/wp-json\/wp\/v2\/categories?post=9659"},{"taxonomy":"post_tag","embeddable":true,"href":"https:\/\/www.imsalud.gov.co\/web\/wp-json\/wp\/v2\/tags?post=9659"}],"curies":[{"name":"wp","href":"https:\/\/api.w.org\/{rel}","templated":true}]}}