{"id":9630,"date":"2016-11-08T05:00:00","date_gmt":"2016-11-08T10:00:00","guid":{"rendered":"http:\/\/www.imsalud.gov.co\/web\/jornada-de-desparasitacion-en-la-institucion-valles-del-rodeo\/"},"modified":"2016-11-08T05:00:00","modified_gmt":"2016-11-08T10:00:00","slug":"jornada-de-desparasitacion-en-la-institucion-valles-del-rodeo","status":"publish","type":"post","link":"https:\/\/www.imsalud.gov.co\/web\/nosotros\/dependencias\/pyp\/nutricion\/jornada-de-desparasitacion-en-la-institucion-valles-del-rodeo\/","title":{"rendered":"Jornada de desparasitaci\u00f3n en la Instituci\u00f3n Valles del Rodeo."},"content":{"rendered":"<p>Jornada de desparasitaci\u00f3n realizada el d\u00eda 01-11-16 en la instituci\u00f3n Valles del Rodeo para dar cumplimiento al componente \u00abDesparasitaci\u00f3n antihelm\u00edntica masiva\u00a0 en el marco de la estrategia: \u201cquimioterapia preventiva antihelm\u00edntica\u201d del Ministerio de Salud en\u00a0 escolares entre los 5 a 14 a\u00f1os y desarrollo e complementaci\u00f3n\u00a0 de mecanismos de canalizaci\u00f3n efectiva de aquellos con alg\u00fan grado de desnutrici\u00f3n\u00a0 a los servicios de salud\u00bb PIC 2016.<\/p>\n","protected":false},"excerpt":{"rendered":"<p>Jornada de desparasitaci\u00f3n realizada el d\u00eda 01-11-16 en la instituci\u00f3n Valles del Rodeo para dar cumplimiento al componente \u00abDesparasitaci\u00f3n antihelm\u00edntica masiva\u00a0 en el marco de la estrategia: \u201cquimioterapia preventiva antihelm\u00edntica\u201d [&#8230;]\n","protected":false},"author":19,"featured_media":0,"comment_status":"open","ping_status":"open","sticky":false,"template":"","format":"standard","meta":{"footnotes":""},"categories":[393],"tags":[],"class_list":["post-9630","post","type-post","status-publish","format-standard","hentry","category-nutricion"],"_links":{"self":[{"href":"https:\/\/www.imsalud.gov.co\/web\/wp-json\/wp\/v2\/posts\/9630","targetHints":{"allow":["GET"]}}],"collection":[{"href":"https:\/\/www.imsalud.gov.co\/web\/wp-json\/wp\/v2\/posts"}],"about":[{"href":"https:\/\/www.imsalud.gov.co\/web\/wp-json\/wp\/v2\/types\/post"}],"author":[{"embeddable":true,"href":"https:\/\/www.imsalud.gov.co\/web\/wp-json\/wp\/v2\/users\/19"}],"replies":[{"embeddable":true,"href":"https:\/\/www.imsalud.gov.co\/web\/wp-json\/wp\/v2\/comments?post=9630"}],"version-history":[{"count":0,"href":"https:\/\/www.imsalud.gov.co\/web\/wp-json\/wp\/v2\/posts\/9630\/revisions"}],"wp:attachment":[{"href":"https:\/\/www.imsalud.gov.co\/web\/wp-json\/wp\/v2\/media?parent=9630"}],"wp:term":[{"taxonomy":"category","embeddable":true,"href":"https:\/\/www.imsalud.gov.co\/web\/wp-json\/wp\/v2\/categories?post=9630"},{"taxonomy":"post_tag","embeddable":true,"href":"https:\/\/www.imsalud.gov.co\/web\/wp-json\/wp\/v2\/tags?post=9630"}],"curies":[{"name":"wp","href":"https:\/\/api.w.org\/{rel}","templated":true}]}}