{"id":9625,"date":"2016-11-08T05:00:00","date_gmt":"2016-11-08T10:00:00","guid":{"rendered":"http:\/\/www.imsalud.gov.co\/web\/jornada-de-desparasitacion-en-la-sede-28-de-febrero-de-la-loma-de-bolivar-2\/"},"modified":"2016-11-08T05:00:00","modified_gmt":"2016-11-08T10:00:00","slug":"jornada-de-desparasitacion-en-la-sede-28-de-febrero-de-la-loma-de-bolivar-2","status":"publish","type":"post","link":"https:\/\/www.imsalud.gov.co\/web\/nosotros\/dependencias\/pyp\/nutricion\/jornada-de-desparasitacion-en-la-sede-28-de-febrero-de-la-loma-de-bolivar-2\/","title":{"rendered":"Jornada de desparasitaci\u00f3n en la sede 28 de febrero de la Loma de Bol\u00edvar."},"content":{"rendered":"<p>Jornada de desparasitaci\u00f3n\u00a0 realizada el d\u00eda\u00a0 03-11-16 en\u00a0 la sede 28 de febrero loma de bol\u00edvar para dar cumplimiento al componente \u00abDesparasitaci\u00f3n Antihelm\u00edntica Masiva\u00a0 en el marco de la estrategia: \u201cQuimioterapia Preventiva Antihelm\u00edntica\u201d del Ministerio de Salud en\u00a0 escolares entre los 5 a 14 a\u00f1os y desarrollo e complementaci\u00f3n\u00a0 de mecanismos de canalizaci\u00f3n efectiva de aquellos con alg\u00fan grado de desnutrici\u00f3n\u00a0 a los servicios de salud\u00bbPIC 2016.<\/p>\n","protected":false},"excerpt":{"rendered":"<p>Jornada de desparasitaci\u00f3n\u00a0 realizada el d\u00eda\u00a0 03-11-16 en\u00a0 la sede 28 de febrero loma de bol\u00edvar para dar cumplimiento al componente \u00abDesparasitaci\u00f3n Antihelm\u00edntica Masiva\u00a0 en el marco de la estrategia: [&#8230;]\n","protected":false},"author":19,"featured_media":0,"comment_status":"open","ping_status":"open","sticky":false,"template":"","format":"standard","meta":{"footnotes":""},"categories":[393],"tags":[],"class_list":["post-9625","post","type-post","status-publish","format-standard","hentry","category-nutricion"],"_links":{"self":[{"href":"https:\/\/www.imsalud.gov.co\/web\/wp-json\/wp\/v2\/posts\/9625","targetHints":{"allow":["GET"]}}],"collection":[{"href":"https:\/\/www.imsalud.gov.co\/web\/wp-json\/wp\/v2\/posts"}],"about":[{"href":"https:\/\/www.imsalud.gov.co\/web\/wp-json\/wp\/v2\/types\/post"}],"author":[{"embeddable":true,"href":"https:\/\/www.imsalud.gov.co\/web\/wp-json\/wp\/v2\/users\/19"}],"replies":[{"embeddable":true,"href":"https:\/\/www.imsalud.gov.co\/web\/wp-json\/wp\/v2\/comments?post=9625"}],"version-history":[{"count":0,"href":"https:\/\/www.imsalud.gov.co\/web\/wp-json\/wp\/v2\/posts\/9625\/revisions"}],"wp:attachment":[{"href":"https:\/\/www.imsalud.gov.co\/web\/wp-json\/wp\/v2\/media?parent=9625"}],"wp:term":[{"taxonomy":"category","embeddable":true,"href":"https:\/\/www.imsalud.gov.co\/web\/wp-json\/wp\/v2\/categories?post=9625"},{"taxonomy":"post_tag","embeddable":true,"href":"https:\/\/www.imsalud.gov.co\/web\/wp-json\/wp\/v2\/tags?post=9625"}],"curies":[{"name":"wp","href":"https:\/\/api.w.org\/{rel}","templated":true}]}}