{"id":9535,"date":"2016-07-19T05:00:00","date_gmt":"2016-07-19T10:00:00","guid":{"rendered":"http:\/\/www.imsalud.gov.co\/web\/oferta-laboral-tecnologos-en-rayos-x\/"},"modified":"2016-07-19T05:00:00","modified_gmt":"2016-07-19T10:00:00","slug":"oferta-laboral-tecnologos-en-rayos-x","status":"publish","type":"post","link":"https:\/\/www.imsalud.gov.co\/web\/sala-de-prensa\/ultimas-noticias\/oferta-laboral-tecnologos-en-rayos-x\/","title":{"rendered":"Oferta Laboral Tecn\u00f3logos en Rayos X"},"content":{"rendered":"<p><img loading=\"lazy\" decoding=\"async\" class=\" size-full wp-image-9534\" src=\"http:\/\/www.imsalud.gov.co\/web\/wp-content\/uploads\/2016\/07\/09cc580c46cf6c30f2dc059f859d0c39.jpg\" alt=\"\" width=\"346\" height=\"146\" srcset=\"https:\/\/www.imsalud.gov.co\/web\/wp-content\/uploads\/2016\/07\/09cc580c46cf6c30f2dc059f859d0c39.jpg 346w, https:\/\/www.imsalud.gov.co\/web\/wp-content\/uploads\/2016\/07\/09cc580c46cf6c30f2dc059f859d0c39-300x127.jpg 300w\" sizes=\"auto, (max-width: 346px) 100vw, 346px\" \/><\/p>\n<p><strong>La Empresa Social del Estado IMSALUD con el fin de cumplir la demanda actual de atenci\u00f3n en los servicios de urgencias de la red de baja complejidad del municipio de san Jos\u00e9 de C\u00facuta, requiere dos (2)\u00a0Tecn\u00f3logos en Rayos X, con el fin de fortalecer la atenci\u00f3n medica en la Unidad B\u00e1sica de\u00a0Agua Clara<\/strong><\/p>\n<p>Interesados acercarse al Centro Comercial Bol\u00edvar local C-14 en horarios de oficina.<\/p>\n","protected":false},"excerpt":{"rendered":"<p>La Empresa Social del Estado IMSALUD con el fin de cumplir la demanda actual de atenci\u00f3n en los servicios de urgencias de la red de baja complejidad del municipio de [&#8230;]\n","protected":false},"author":21,"featured_media":9534,"comment_status":"open","ping_status":"open","sticky":false,"template":"","format":"standard","meta":{"footnotes":""},"categories":[74],"tags":[],"class_list":["post-9535","post","type-post","status-publish","format-standard","has-post-thumbnail","hentry","category-ultimas-noticias"],"_links":{"self":[{"href":"https:\/\/www.imsalud.gov.co\/web\/wp-json\/wp\/v2\/posts\/9535","targetHints":{"allow":["GET"]}}],"collection":[{"href":"https:\/\/www.imsalud.gov.co\/web\/wp-json\/wp\/v2\/posts"}],"about":[{"href":"https:\/\/www.imsalud.gov.co\/web\/wp-json\/wp\/v2\/types\/post"}],"author":[{"embeddable":true,"href":"https:\/\/www.imsalud.gov.co\/web\/wp-json\/wp\/v2\/users\/21"}],"replies":[{"embeddable":true,"href":"https:\/\/www.imsalud.gov.co\/web\/wp-json\/wp\/v2\/comments?post=9535"}],"version-history":[{"count":0,"href":"https:\/\/www.imsalud.gov.co\/web\/wp-json\/wp\/v2\/posts\/9535\/revisions"}],"wp:featuredmedia":[{"embeddable":true,"href":"https:\/\/www.imsalud.gov.co\/web\/wp-json\/wp\/v2\/media\/9534"}],"wp:attachment":[{"href":"https:\/\/www.imsalud.gov.co\/web\/wp-json\/wp\/v2\/media?parent=9535"}],"wp:term":[{"taxonomy":"category","embeddable":true,"href":"https:\/\/www.imsalud.gov.co\/web\/wp-json\/wp\/v2\/categories?post=9535"},{"taxonomy":"post_tag","embeddable":true,"href":"https:\/\/www.imsalud.gov.co\/web\/wp-json\/wp\/v2\/tags?post=9535"}],"curies":[{"name":"wp","href":"https:\/\/api.w.org\/{rel}","templated":true}]}}