{"id":9139,"date":"2011-09-14T15:32:47","date_gmt":"2011-09-14T20:32:47","guid":{"rendered":"http:\/\/www.imsalud.gov.co\/web\/atencion-integral-en-salud-a-la-poblacion-infantil\/"},"modified":"2020-09-26T12:19:11","modified_gmt":"2020-09-26T17:19:11","slug":"atencion-integral-en-salud-a-la-poblacion-infantil","status":"publish","type":"post","link":"https:\/\/www.imsalud.gov.co\/web\/sala-de-prensa\/ultimas-noticias\/atencion-integral-en-salud-a-la-poblacion-infantil\/","title":{"rendered":"ATENCI\u00d2N INTEGRAL EN SALUD A LA POBLACION INFANTIL"},"content":{"rendered":"<p><img loading=\"lazy\" decoding=\"async\" style=\"float: left;\" alt=\"wilfredquintana\" src=\"images\/stories\/wilfredquintana.jpg\" width=\"261\" height=\"171\" \/>Con el fin de reducir los casos de mortalidad infantil por una inadecuada&nbsp; atenci\u00f3n tanto fuera como dentro del Hogar, <!--more--> La Empresa Social Del Estado IMSALUD&nbsp; inicio un proceso de actualizaci\u00f3n para fortalecer las estrategias de atenci\u00f3n integral a las enfermedades de la infancia. <\/p>\n<p style=\"text-align: justify;\">Wilfred Quintana Subgerente de la E.S.E IMSALUD, explico que el objetivo, es dar nuevas herramientas&nbsp; tanto al personal Medico y param\u00e9dico de toda la red publica de atenci\u00f3n de baja complejidad del Municipio, sobre el &nbsp;&nbsp;manejo integral de las enfermedades diarreicas, respiratorias y de tipo viral que&nbsp; se presentan en &nbsp;ni\u00f1os de 0 a 5&nbsp; a\u00f1os.<\/p>\n<p style=\"text-align: justify;\">Record\u00f3, que es responsabilidad&nbsp; de todas las instituciones hospitalarias dar atenci\u00f3n inmediata a los ni\u00f1os que lleguen tanto por consulta externa y urgencias para evitar complicaciones irreversibles.<\/p>\n<p style=\"text-align: justify;\">Tambi\u00e9n recalco sobre &nbsp;el manejo de la enfermedad en el hogar en donde los padres de familia deben estar muy pendientes de la evoluci\u00f3n de sus hijos para evitar complicaciones.<img loading=\"lazy\" decoding=\"async\" style=\"float: right;\" alt=\"foroimsalud\" src=\"images\/stories\/foroimsalud.jpg\" width=\"335\" height=\"237\" \/><\/p>\n<p style=\"text-align: justify;\">La atenci\u00f3n integral a las enfermedades prevalentes de la infancia, seg\u00fan la Organizaci\u00f3n Mundial De La Salud, ayuda a detectar ciertas patolog\u00edas por los s\u00edntomas que presenten los ni\u00f1os logrando garantizar su calidad de vida evitando muertes a temprana edad.<\/p>\n<p style=\"text-align: justify;\">Adem\u00e1s de la prevenci\u00f3n de las enfermedades comunes en los ni\u00f1os, tambi\u00e9n se fortalecer\u00e1n los programas de atenci\u00f3n al maltrato infantil madres gestantes&nbsp; y comunidad en general a trav\u00e9s de los programas de promoci\u00f3n y prevenci\u00f3n que se realizan constantemente en las IPS y unidades&nbsp; B\u00e1sicas publicas<\/p>\n<p style=\"text-align: justify;\">Las jornadas de actualizaci\u00f3n sobre el tema se vienen realizando con el apoyo de la facultad de ciencias de la salud de la Universidad Francisco De Paula Santander mediante talleres comunitarios dirigidos a personal operativo de la E.S.E IMSALUD de las 38 IPS del Municipio.<\/p>\n","protected":false},"excerpt":{"rendered":"<p>Con el fin de reducir los casos de mortalidad infantil por una inadecuada&nbsp; atenci\u00f3n tanto fuera como dentro del Hogar,<\/p>\n","protected":false},"author":19,"featured_media":0,"comment_status":"open","ping_status":"open","sticky":false,"template":"","format":"standard","meta":{"footnotes":""},"categories":[74,366],"tags":[],"class_list":["post-9139","post","type-post","status-publish","format-standard","hentry","category-ultimas-noticias","category-uncategorised"],"_links":{"self":[{"href":"https:\/\/www.imsalud.gov.co\/web\/wp-json\/wp\/v2\/posts\/9139","targetHints":{"allow":["GET"]}}],"collection":[{"href":"https:\/\/www.imsalud.gov.co\/web\/wp-json\/wp\/v2\/posts"}],"about":[{"href":"https:\/\/www.imsalud.gov.co\/web\/wp-json\/wp\/v2\/types\/post"}],"author":[{"embeddable":true,"href":"https:\/\/www.imsalud.gov.co\/web\/wp-json\/wp\/v2\/users\/19"}],"replies":[{"embeddable":true,"href":"https:\/\/www.imsalud.gov.co\/web\/wp-json\/wp\/v2\/comments?post=9139"}],"version-history":[{"count":1,"href":"https:\/\/www.imsalud.gov.co\/web\/wp-json\/wp\/v2\/posts\/9139\/revisions"}],"predecessor-version":[{"id":30517,"href":"https:\/\/www.imsalud.gov.co\/web\/wp-json\/wp\/v2\/posts\/9139\/revisions\/30517"}],"wp:attachment":[{"href":"https:\/\/www.imsalud.gov.co\/web\/wp-json\/wp\/v2\/media?parent=9139"}],"wp:term":[{"taxonomy":"category","embeddable":true,"href":"https:\/\/www.imsalud.gov.co\/web\/wp-json\/wp\/v2\/categories?post=9139"},{"taxonomy":"post_tag","embeddable":true,"href":"https:\/\/www.imsalud.gov.co\/web\/wp-json\/wp\/v2\/tags?post=9139"}],"curies":[{"name":"wp","href":"https:\/\/api.w.org\/{rel}","templated":true}]}}