{"id":9138,"date":"2012-01-27T20:07:50","date_gmt":"2012-01-28T01:07:50","guid":{"rendered":"http:\/\/www.imsalud.gov.co\/web\/avances-pondrian-fin-al-vih\/"},"modified":"2012-01-27T20:07:50","modified_gmt":"2012-01-28T01:07:50","slug":"avances-pondrian-fin-al-vih","status":"publish","type":"post","link":"https:\/\/www.imsalud.gov.co\/web\/uncategorised\/avances-pondrian-fin-al-vih\/","title":{"rendered":"Avances pondr\u00edan fin al VIH"},"content":{"rendered":"<p style=\"text-align: justify;\"><em><strong>Los medicamentos igualmente tienen efectos preventivos <\/strong><\/em><\/p>\n<p style=\"text-align: justify;\">WASHINGTON (Notimex).- El director de la Escuela de Salud P\u00fablica de Harvard, Julio Frenk, se\u00f1ala que a 30 a\u00f1os de la aparici\u00f3n del sida, es realista plantear el fin de la epidemia tras comprobar que el tratamiento tambi\u00e9n tiene efectos preventivos.<\/p>\n<p style=\"text-align: justify;\"><a href=\"index.php?option=com_content&amp;view=article&amp;id=310:vih&amp;catid=112\">leer mas<\/a><\/p>\n","protected":false},"excerpt":{"rendered":"<p>Los medicamentos igualmente tienen efectos preventivos WASHINGTON (Notimex).- El director de la Escuela de Salud P\u00fablica de Harvard, Julio Frenk, se\u00f1ala que a 30 a\u00f1os de la aparici\u00f3n del sida, [&#8230;]\n","protected":false},"author":19,"featured_media":0,"comment_status":"open","ping_status":"open","sticky":false,"template":"","format":"standard","meta":{"footnotes":""},"categories":[366],"tags":[],"class_list":["post-9138","post","type-post","status-publish","format-standard","hentry","category-uncategorised"],"_links":{"self":[{"href":"https:\/\/www.imsalud.gov.co\/web\/wp-json\/wp\/v2\/posts\/9138","targetHints":{"allow":["GET"]}}],"collection":[{"href":"https:\/\/www.imsalud.gov.co\/web\/wp-json\/wp\/v2\/posts"}],"about":[{"href":"https:\/\/www.imsalud.gov.co\/web\/wp-json\/wp\/v2\/types\/post"}],"author":[{"embeddable":true,"href":"https:\/\/www.imsalud.gov.co\/web\/wp-json\/wp\/v2\/users\/19"}],"replies":[{"embeddable":true,"href":"https:\/\/www.imsalud.gov.co\/web\/wp-json\/wp\/v2\/comments?post=9138"}],"version-history":[{"count":0,"href":"https:\/\/www.imsalud.gov.co\/web\/wp-json\/wp\/v2\/posts\/9138\/revisions"}],"wp:attachment":[{"href":"https:\/\/www.imsalud.gov.co\/web\/wp-json\/wp\/v2\/media?parent=9138"}],"wp:term":[{"taxonomy":"category","embeddable":true,"href":"https:\/\/www.imsalud.gov.co\/web\/wp-json\/wp\/v2\/categories?post=9138"},{"taxonomy":"post_tag","embeddable":true,"href":"https:\/\/www.imsalud.gov.co\/web\/wp-json\/wp\/v2\/tags?post=9138"}],"curies":[{"name":"wp","href":"https:\/\/api.w.org\/{rel}","templated":true}]}}