{"id":9133,"date":"2011-07-11T21:13:54","date_gmt":"2011-07-12T02:13:54","guid":{"rendered":"http:\/\/www.imsalud.gov.co\/web\/busqueda-activa-de-pacientes-con-problemas-respiratorios-para-detectar-casos-de-tuberculosis-en-cucuta-realiza-la-e-s-e-imsalud-julio-11-2011\/"},"modified":"2020-09-26T12:19:09","modified_gmt":"2020-09-26T17:19:09","slug":"busqueda-activa-de-pacientes-con-problemas-respiratorios-para-detectar-casos-de-tuberculosis-en-cucuta-realiza-la-e-s-e-imsalud-julio-11-2011","status":"publish","type":"post","link":"https:\/\/www.imsalud.gov.co\/web\/sala-de-prensa\/ultimas-noticias\/busqueda-activa-de-pacientes-con-problemas-respiratorios-para-detectar-casos-de-tuberculosis-en-cucuta-realiza-la-e-s-e-imsalud-julio-11-2011\/","title":{"rendered":"BUSQUEDA ACTIVA DE PACIENTES CON PROBLEMAS RESPIRATORIOS PARA   DETECTAR CASOS DE TUBERCULOSIS EN CUCUTA   REALIZA LA E.S.E  IMSALUD &#8211; julio -11-2011"},"content":{"rendered":"<p>Jornadas especiales de captaci\u00f3n de pacientes sintom\u00e1ticos respiratorios con sospecha de Tuberculosis viene realizando la E.S.E IMSALUD en las 38 IPS y unidades b\u00e1sicas de C\u00facuta.<\/p>\n<p>Esta es una de las principales estrategias adoptadas por la empresa &nbsp;&nbsp;&nbsp;&nbsp;&nbsp;&nbsp;&nbsp; Social del Estado  para un adecuado control y manejo de la enfermedad tanto en la zona rural como urbana de la ciudad, explico el Medico Jerry Steve Hawkins jefe de la oficina de promoci\u00f3n y prevenci\u00f3n de la entidad.<\/p>\n<p> <!--more--> <\/p>\n<p>&nbsp;Se\u00f1alo que es importante que las personas que presenten tos o expectoraci\u00f3n con mas de 15 d\u00edas, acudan a la instituci\u00f3n M\u00e9dica mas cercana con el fin de Practicar una Basiloscopia que es una prueba especializada para detectar la enfermedad.<\/p>\n<p>\u00a0<\/p>\n<p>&nbsp;Indico que en los laboratorios de los centros m\u00e9dicos de baja complejidad existen los reactivos necesarios para realizar muestras especializadas a pacientes con problemas agudos pulmonares que permiten un claro diagnostico de la enfermedad a fin de que pueda recibir un \u00f3ptimo tratamient<\/p>\n<p> Para el profesional, los 171 casos reportados en el 2010 y 80 en lo que va corrido del presente a\u00f1o se han logrado captar a trav\u00e9s de estas jornadas especiales en sectores de estratos uno y dos en donde se presenta un mayor factor de riesgo por las condiciones de vida de sus habitantes. <\/p>\n<p>&nbsp;En C\u00facuta el tratamiento de este tipo de enfermedades infectocontagiosas se hace de acuerdo a los protocolos establecidos por el Ministerio De La Protecci\u00f3n Social, anoto el Medico Steve Hawkins al descartar que en La ciudad la Tuberculosis se este propagando como un problema de salud Publica.<\/p>\n<p>&nbsp;finalmente llamo la atenci\u00f3n de todas las instituciones de salud en el departamento para que establezcan tambi\u00e9n estrategias en la captaci\u00f3n de pacientes con enfermedades respiratorios con diagnostico de Tuberculosos a fin de que puedan ser tratados oportunamente.<\/p>\n","protected":false},"excerpt":{"rendered":"<p>Jornadas especiales de captaci\u00f3n de pacientes sintom\u00e1ticos respiratorios con sospecha de Tuberculosis viene realizando la E.S.E IMSALUD en las 38 IPS y unidades b\u00e1sicas de C\u00facuta. Esta es una de [&#8230;]\n","protected":false},"author":19,"featured_media":0,"comment_status":"open","ping_status":"open","sticky":false,"template":"","format":"standard","meta":{"footnotes":""},"categories":[74,366],"tags":[],"class_list":["post-9133","post","type-post","status-publish","format-standard","hentry","category-ultimas-noticias","category-uncategorised"],"_links":{"self":[{"href":"https:\/\/www.imsalud.gov.co\/web\/wp-json\/wp\/v2\/posts\/9133","targetHints":{"allow":["GET"]}}],"collection":[{"href":"https:\/\/www.imsalud.gov.co\/web\/wp-json\/wp\/v2\/posts"}],"about":[{"href":"https:\/\/www.imsalud.gov.co\/web\/wp-json\/wp\/v2\/types\/post"}],"author":[{"embeddable":true,"href":"https:\/\/www.imsalud.gov.co\/web\/wp-json\/wp\/v2\/users\/19"}],"replies":[{"embeddable":true,"href":"https:\/\/www.imsalud.gov.co\/web\/wp-json\/wp\/v2\/comments?post=9133"}],"version-history":[{"count":1,"href":"https:\/\/www.imsalud.gov.co\/web\/wp-json\/wp\/v2\/posts\/9133\/revisions"}],"predecessor-version":[{"id":30515,"href":"https:\/\/www.imsalud.gov.co\/web\/wp-json\/wp\/v2\/posts\/9133\/revisions\/30515"}],"wp:attachment":[{"href":"https:\/\/www.imsalud.gov.co\/web\/wp-json\/wp\/v2\/media?parent=9133"}],"wp:term":[{"taxonomy":"category","embeddable":true,"href":"https:\/\/www.imsalud.gov.co\/web\/wp-json\/wp\/v2\/categories?post=9133"},{"taxonomy":"post_tag","embeddable":true,"href":"https:\/\/www.imsalud.gov.co\/web\/wp-json\/wp\/v2\/tags?post=9133"}],"curies":[{"name":"wp","href":"https:\/\/api.w.org\/{rel}","templated":true}]}}