{"id":9132,"date":"2011-08-31T14:32:02","date_gmt":"2011-08-31T19:32:02","guid":{"rendered":"http:\/\/www.imsalud.gov.co\/web\/capacitacion-sobre-protocolo-de-limpieza-y-lavado-de-manos\/"},"modified":"2011-08-31T14:32:02","modified_gmt":"2011-08-31T19:32:02","slug":"capacitacion-sobre-protocolo-de-limpieza-y-lavado-de-manos","status":"publish","type":"post","link":"https:\/\/www.imsalud.gov.co\/web\/uncategorised\/capacitacion-sobre-protocolo-de-limpieza-y-lavado-de-manos\/","title":{"rendered":"CAPACITACI\u00d3N  SOBRE PROTOCOLO DE LIMPIEZA Y LAVADO DE MANOS"},"content":{"rendered":"<p style=\"text-align: justify;\"><img loading=\"lazy\" decoding=\"async\" alt=\"003\" height=\"200\" width=\"271\" src=\"images\/stories\/003.jpg\" style=\"float: left;\" \/>Con el fin de mejorar las normas de bioseguridad en la red publica hospitalaria, evitando la transmisi\u00f3n de enfermedades para lograr  una optima protecci\u00f3n a la comunidad usuaria, la Empresa Social Del Estado IMSALUD,  inicio la capacitaci\u00f3n sobre protocolo de lavado de manos, limpieza y desinfecci\u00f3n de instrumental a odont\u00f3logos, Auxiliares de Odontolog\u00eda, enfermeras e higienistas orales de las 8 unidades b\u00e1sicas y 38 IPS de C\u00facuta.<\/p>\n<p> <!--more--> <\/p>\n<p style=\"text-align: justify;\">\u00a0<\/p>\n<p style=\"text-align: justify;\">Uno de  los objetivos de esta actividad que beneficia a unos 300 trabajadores operativos de los centros asistenciales de todas las instituciones de salud de baja complejidad de la zona rural y urbana de C\u00facuta, Es lograr adem\u00e1s&nbsp;&nbsp; una Autoprotecci\u00f3n del personal Medico y param\u00e9dico.<\/p>\n<p style=\"text-align: justify;\">El protocolo del lavado de manos de acuerdo a las normas establecidas  por la Organizaci\u00f3n Mundial de la Salud, debe tener como m\u00ednimo 5 minutos, incluyendo brazos y codos, enjuagar con abundante agua  y secar con toallas desechables si se esta en \u00c1rea Hospitalaria.<\/p>\n<p style=\"text-align: justify;\">Esta T\u00e9cnica utilizada correctamente, evita el contagio de enfermedades, garantizando de esta forma un procedimiento seguro para todos los usuarios que utilicen los servicios y m\u00e9dicos y param\u00e9dicos de las diferentes instituciones  hospitalarias.<\/p>\n<p style=\"text-align: justify;\">La jornada de capacitaci\u00f3n que finaliza el pr\u00f3ximo 31 de Agosto esta igualmente dirigida al personal de servicios generales  de todas las IPS y unidades b\u00e1sicas tambi\u00e9n sobre normas de limpieza y desinfecci\u00f3n de \u00c1reas.<\/p>\n","protected":false},"excerpt":{"rendered":"<p>Con el fin de mejorar las normas de bioseguridad en la red publica hospitalaria, evitando la transmisi\u00f3n de enfermedades para lograr una optima protecci\u00f3n a la comunidad usuaria, la Empresa [&#8230;]\n","protected":false},"author":19,"featured_media":0,"comment_status":"open","ping_status":"open","sticky":false,"template":"","format":"standard","meta":{"footnotes":""},"categories":[366],"tags":[],"class_list":["post-9132","post","type-post","status-publish","format-standard","hentry","category-uncategorised"],"_links":{"self":[{"href":"https:\/\/www.imsalud.gov.co\/web\/wp-json\/wp\/v2\/posts\/9132","targetHints":{"allow":["GET"]}}],"collection":[{"href":"https:\/\/www.imsalud.gov.co\/web\/wp-json\/wp\/v2\/posts"}],"about":[{"href":"https:\/\/www.imsalud.gov.co\/web\/wp-json\/wp\/v2\/types\/post"}],"author":[{"embeddable":true,"href":"https:\/\/www.imsalud.gov.co\/web\/wp-json\/wp\/v2\/users\/19"}],"replies":[{"embeddable":true,"href":"https:\/\/www.imsalud.gov.co\/web\/wp-json\/wp\/v2\/comments?post=9132"}],"version-history":[{"count":0,"href":"https:\/\/www.imsalud.gov.co\/web\/wp-json\/wp\/v2\/posts\/9132\/revisions"}],"wp:attachment":[{"href":"https:\/\/www.imsalud.gov.co\/web\/wp-json\/wp\/v2\/media?parent=9132"}],"wp:term":[{"taxonomy":"category","embeddable":true,"href":"https:\/\/www.imsalud.gov.co\/web\/wp-json\/wp\/v2\/categories?post=9132"},{"taxonomy":"post_tag","embeddable":true,"href":"https:\/\/www.imsalud.gov.co\/web\/wp-json\/wp\/v2\/tags?post=9132"}],"curies":[{"name":"wp","href":"https:\/\/api.w.org\/{rel}","templated":true}]}}