{"id":9124,"date":"2011-08-25T20:51:12","date_gmt":"2011-08-26T01:51:12","guid":{"rendered":"http:\/\/www.imsalud.gov.co\/web\/compartel-capacita-a-funcionarios-de-las-ips-rurales\/"},"modified":"2011-08-25T20:51:12","modified_gmt":"2011-08-26T01:51:12","slug":"compartel-capacita-a-funcionarios-de-las-ips-rurales","status":"publish","type":"post","link":"https:\/\/www.imsalud.gov.co\/web\/uncategorised\/compartel-capacita-a-funcionarios-de-las-ips-rurales\/","title":{"rendered":"COMPARTEL CAPACITA A FUNCIONARIOS DE LAS IPS RURALES"},"content":{"rendered":"<p style=\"text-align: justify;\"><img loading=\"lazy\" decoding=\"async\" src=\"descargas\/compartel.jpg\" height=\"162\" width=\"250\" style=\"border-style: initial; border-color: initial; float: left;\" \/>Con el fin de tener un mayor conocimiento sobre sistemas de comunicaciones e inform\u00e1tica, el gobierno Nacional a trav\u00e9s del programa <!--more--> COMPARTEL inicio la&nbsp; capacitaci\u00f3n al personal administrativo Y operativo de las IPS rurales de los Corregimientos De Buena Esperanza y Guaramito y del Barrio Belisario en la comunica 8 de C\u00facuta.<\/p>\n<p>\u00a0<\/p>\n<p style=\"text-align: justify;\">La jornada que se viene realizando en las oficinas de la sede administrativa de la E.S.E IMSALUD, tiene dentro de sus objetivos mejorar el sistema de&nbsp;comunicaciones especialmente en lo que hace referencia a la base de datos, servicio de Banda Ancha y redes de comunicaciones en las institucionesprestadoras de servicios de baja complejidad del sector rural del Municipio.<\/p>\n<p> Inducci\u00f3n sobre el programa COMPARTEL de conectividad, caracter\u00edsticas del servicio, forma de utilizaci\u00f3n del mismo por parte de la instituci\u00f3n, son algunos de los temas expuestos durante la capacitaci\u00f3n que tiene una intensidad de 40 horas.<\/p>\n<p>Los trabajadores tendr\u00e1n igualmente la posibilidad de ampliar sus conocimientos sobre Nociones y conceptos b\u00e1sicos de Internet, adem\u00e1s de las formas de conexi\u00f3n. <\/p>\n<p>La capacitaci\u00f3n incluye adem\u00e1s aspectos relacionados con la navegaci\u00f3n&nbsp; en Internet, barra de botones Est\u00e1ndar, Internet sano, enlaces de inter\u00e9s, correo electr\u00f3nico y como guardar una pagina en Internet.<\/p>\n<p>Esta jornada que finaliza el pr\u00f3ximo Viernes 26 de Agosto, hace parte del programa de ampliaci\u00f3n de cobertura de acceso a internet que hizo el gobierno Nacional a la Empresa Social Del Estado IMSALUD, gracias a gestiones adelantadas por la Ingeniera Yolanda S\u00e1nchez Arce jefe de la oficina de sistemas de la entidad.<\/p>\n<p>La inversi\u00f3n del programa COMPARTEL que busca mejorar el sistema de comunicaci\u00f3n optimizando la prestaci\u00f3n del servicio a los usuarios fue de 135 millones de pesos.<\/p>\n","protected":false},"excerpt":{"rendered":"<p>Con el fin de tener un mayor conocimiento sobre sistemas de comunicaciones e inform\u00e1tica, el gobierno Nacional a trav\u00e9s del programa<\/p>\n","protected":false},"author":19,"featured_media":0,"comment_status":"open","ping_status":"open","sticky":false,"template":"","format":"standard","meta":{"footnotes":""},"categories":[366],"tags":[],"class_list":["post-9124","post","type-post","status-publish","format-standard","hentry","category-uncategorised"],"_links":{"self":[{"href":"https:\/\/www.imsalud.gov.co\/web\/wp-json\/wp\/v2\/posts\/9124","targetHints":{"allow":["GET"]}}],"collection":[{"href":"https:\/\/www.imsalud.gov.co\/web\/wp-json\/wp\/v2\/posts"}],"about":[{"href":"https:\/\/www.imsalud.gov.co\/web\/wp-json\/wp\/v2\/types\/post"}],"author":[{"embeddable":true,"href":"https:\/\/www.imsalud.gov.co\/web\/wp-json\/wp\/v2\/users\/19"}],"replies":[{"embeddable":true,"href":"https:\/\/www.imsalud.gov.co\/web\/wp-json\/wp\/v2\/comments?post=9124"}],"version-history":[{"count":0,"href":"https:\/\/www.imsalud.gov.co\/web\/wp-json\/wp\/v2\/posts\/9124\/revisions"}],"wp:attachment":[{"href":"https:\/\/www.imsalud.gov.co\/web\/wp-json\/wp\/v2\/media?parent=9124"}],"wp:term":[{"taxonomy":"category","embeddable":true,"href":"https:\/\/www.imsalud.gov.co\/web\/wp-json\/wp\/v2\/categories?post=9124"},{"taxonomy":"post_tag","embeddable":true,"href":"https:\/\/www.imsalud.gov.co\/web\/wp-json\/wp\/v2\/tags?post=9124"}],"curies":[{"name":"wp","href":"https:\/\/api.w.org\/{rel}","templated":true}]}}