{"id":9123,"date":"2012-01-24T15:31:17","date_gmt":"2012-01-24T20:31:17","guid":{"rendered":"http:\/\/www.imsalud.gov.co\/web\/comunicado-de-prensa-2\/"},"modified":"2012-01-24T15:31:17","modified_gmt":"2012-01-24T20:31:17","slug":"comunicado-de-prensa-2","status":"publish","type":"post","link":"https:\/\/www.imsalud.gov.co\/web\/uncategorised\/comunicado-de-prensa-2\/","title":{"rendered":"COMUNICADO DE PRENSA"},"content":{"rendered":"<p><em><strong>AGENDA ABIERTA DE CITAS&nbsp; PROPONE LA E.S.E. IMSALUD<\/strong><\/em><\/p>\n<p>La&nbsp; empresa&nbsp; social del estado IMSALUD, da&nbsp; a conocer&nbsp; a&nbsp; sus&nbsp; usuarios el&nbsp; modelo&nbsp; de&nbsp; atenci\u00f3n: Agenda&nbsp; abierta de citas; el cual es&nbsp; el&nbsp; Mecanismo mediante el cual los usuarios pueden solicitar citas telef\u00f3nicas o personales sin restricci\u00f3n en los horarios h\u00e1biles de la IPS presentando su documento de identificaci\u00f3n al cajero o auxiliar, para luego facturar el servicio y acudir a su consulta.<br \/>Los horarios de&nbsp; atenci\u00f3n ser\u00e1n en la jornada de la ma\u00f1ana&nbsp; de lunes&nbsp; a&nbsp; s\u00e1bado de 07:00 a 11:00 y&nbsp; en la&nbsp; jornada&nbsp; de la&nbsp; tarde&nbsp; de lunes a&nbsp; viernes&nbsp;&nbsp; de 02: 00 06:00 en las 38&nbsp; IPS de&nbsp; la&nbsp; ESE IMSALUD.<br \/>Con esta iniciativa el&nbsp; subgerente de&nbsp; atenci\u00f3n en salud&nbsp; Wilfred Quintana pretende&nbsp; evitar&nbsp; que&nbsp; los usuarios&nbsp; est\u00e9n sujetos&nbsp; a terceras personas las cuales&nbsp; por&nbsp; medio de fichos no&nbsp; autorizados venden&nbsp; las citas.<\/p>\n<p>Inform\u00f3:&nbsp; Linda Rozo Soto. Jefe de Prensa ESE IMSALUD<\/p>\n","protected":false},"excerpt":{"rendered":"<p>AGENDA ABIERTA DE CITAS&nbsp; PROPONE LA E.S.E. IMSALUD La&nbsp; empresa&nbsp; social del estado IMSALUD, da&nbsp; a conocer&nbsp; a&nbsp; sus&nbsp; usuarios el&nbsp; modelo&nbsp; de&nbsp; atenci\u00f3n: Agenda&nbsp; abierta de citas; el cual [&#8230;]\n","protected":false},"author":19,"featured_media":0,"comment_status":"open","ping_status":"open","sticky":false,"template":"","format":"standard","meta":{"footnotes":""},"categories":[366],"tags":[],"class_list":["post-9123","post","type-post","status-publish","format-standard","hentry","category-uncategorised"],"_links":{"self":[{"href":"https:\/\/www.imsalud.gov.co\/web\/wp-json\/wp\/v2\/posts\/9123","targetHints":{"allow":["GET"]}}],"collection":[{"href":"https:\/\/www.imsalud.gov.co\/web\/wp-json\/wp\/v2\/posts"}],"about":[{"href":"https:\/\/www.imsalud.gov.co\/web\/wp-json\/wp\/v2\/types\/post"}],"author":[{"embeddable":true,"href":"https:\/\/www.imsalud.gov.co\/web\/wp-json\/wp\/v2\/users\/19"}],"replies":[{"embeddable":true,"href":"https:\/\/www.imsalud.gov.co\/web\/wp-json\/wp\/v2\/comments?post=9123"}],"version-history":[{"count":0,"href":"https:\/\/www.imsalud.gov.co\/web\/wp-json\/wp\/v2\/posts\/9123\/revisions"}],"wp:attachment":[{"href":"https:\/\/www.imsalud.gov.co\/web\/wp-json\/wp\/v2\/media?parent=9123"}],"wp:term":[{"taxonomy":"category","embeddable":true,"href":"https:\/\/www.imsalud.gov.co\/web\/wp-json\/wp\/v2\/categories?post=9123"},{"taxonomy":"post_tag","embeddable":true,"href":"https:\/\/www.imsalud.gov.co\/web\/wp-json\/wp\/v2\/tags?post=9123"}],"curies":[{"name":"wp","href":"https:\/\/api.w.org\/{rel}","templated":true}]}}