{"id":9118,"date":"2012-03-24T01:10:33","date_gmt":"2012-03-24T06:10:33","guid":{"rendered":"http:\/\/www.imsalud.gov.co\/web\/continuan-las-jornadas-de-vacunacion-en-las-instituciones-educativas\/"},"modified":"2012-03-24T01:10:33","modified_gmt":"2012-03-24T06:10:33","slug":"continuan-las-jornadas-de-vacunacion-en-las-instituciones-educativas","status":"publish","type":"post","link":"https:\/\/www.imsalud.gov.co\/web\/uncategorised\/continuan-las-jornadas-de-vacunacion-en-las-instituciones-educativas\/","title":{"rendered":"CONTIN\u00daAN LAS JORNADAS DE VACUNACI\u00d3N EN  LAS INSTITUCIONES  EDUCATIVAS"},"content":{"rendered":"<p>Marzo\/23\/12.&nbsp; Debido a la&nbsp; detenci\u00f3n de casos de sarampi\u00f3n y rubeola en el pa\u00eds&nbsp; y por ser municipio fronterizo, La alcald\u00eda de&nbsp; San Jos\u00e9 de C\u00facuta&nbsp; a trav\u00e9s de&nbsp; La ESE&nbsp; IMSALUD&nbsp; junto con la SECRETARIA DE SALUD del&nbsp; municipio est\u00e1n desarrollando en los diferentes&nbsp; establecimientos&nbsp; educativos oficiales y no oficiales&nbsp; la vacunaci\u00f3n masiva&nbsp; contra la&nbsp; rubeola y el sarampi\u00f3n&nbsp;&nbsp; en este&nbsp; grupo poblacional.<\/p>\n<p>Estas jornadas tienen el objetivo de brindar una nueva oportunidad de recibir la vacuna contra estas dos enfermedades a los ni\u00f1os que por cualquier motivo no la recibieron en el momento establecido ( 1 \u00f2 5 a\u00f1os ) o aquellos que a pesar de recibir su vacuna no alcanzan niveles de protecci\u00f3n contra estas patolog\u00edas .La jornada de vacunaci\u00f3n&nbsp; de ni\u00f1os de 10 a 19 a\u00f1os se&nbsp; viene&nbsp; realizando desde octubre del a\u00f1o 2011, con el \u00e1nimo de lograr&nbsp; una mayor cobertura de vacunaci\u00f3n&nbsp; en las instituciones educativas presentes en el municipio.<\/p>\n<p> <!--more--> <br \/>La secretaria de&nbsp; salud municipal dar\u00e1 inicio&nbsp; al proceso de verificaci\u00f3n&nbsp; de garant\u00edas&nbsp; de este&nbsp; derecho en las instituciones&nbsp; educativas durante los meses de marzo y abril del presente a\u00f1o. La instituci\u00f3n&nbsp; que llegara&nbsp; a incumplir&nbsp; con este&nbsp; derecho&nbsp; ser\u00e1&nbsp; reportada a los diferentes entes.<\/p>\n<p>Por lo anterior&nbsp; se requiere&nbsp; que el certificado de vacunaci\u00f3n&nbsp; contra el Sarampi\u00f3n&nbsp; y la Rubeola sea un requisito&nbsp; obligatorio exigido&nbsp; para llevar&nbsp; a cabo los procesos&nbsp; de entrega del primer bolet\u00edn acad\u00e9mico&nbsp; del primer periodo acad\u00e9mico, en cumplimiento&nbsp; del derecho&nbsp; fundamental&nbsp; a la vacunaci\u00f3n&nbsp; de los ni\u00f1os&nbsp; y j\u00f3venes en el marco de la ley 1098 del 2006 c\u00f3digo de infancia&nbsp; y adolescencia.<\/p>\n<p>Durante los pr\u00f3ximos d\u00edas se&nbsp; estar\u00e1n desarrollando en los diferentes establecimientos Educativos la jornada de vacunaci\u00f3n masiva, por lo tanto no se deben exigir ni autorizaciones, ni restringir el acceso del personal de salud a la Instituci\u00f3n educativa, ni establecer horarios y fechas diferentes a las ya establecidas en la programaci\u00f3n realizada por la Secretaria de Salud Municipal. Aquella poblaci\u00f3n que no haya sido captada en la Jornada masiva de vacunaci\u00f3n podr\u00e1 aplicarse la vacuna de forma gratuita en los diferentes I.P.S p\u00fablica y privada del Municipio.<\/p>\n<p>\u201cAgradecemos&nbsp; de&nbsp; la receptividad, compromiso y apoyo que&nbsp; suministren&nbsp; para el desarrollo de la jornada&nbsp; de vacunaci\u00f3n en&nbsp; cada una de las&nbsp; instituciones educativas\u201d&nbsp; indic\u00f3&nbsp; Donamaris Ram\u00edrez-Paris lobo Alcalde de la ciudad de C\u00facuta .<\/p>\n<p>Inform\u00f3 Oficina de Prensa ESEIMSALUD.<\/p>\n","protected":false},"excerpt":{"rendered":"<p>Marzo\/23\/12.&nbsp; Debido a la&nbsp; detenci\u00f3n de casos de sarampi\u00f3n y rubeola en el pa\u00eds&nbsp; y por ser municipio fronterizo, La alcald\u00eda de&nbsp; San Jos\u00e9 de C\u00facuta&nbsp; a trav\u00e9s de&nbsp; La [&#8230;]\n","protected":false},"author":19,"featured_media":0,"comment_status":"open","ping_status":"open","sticky":false,"template":"","format":"standard","meta":{"footnotes":""},"categories":[366],"tags":[],"class_list":["post-9118","post","type-post","status-publish","format-standard","hentry","category-uncategorised"],"_links":{"self":[{"href":"https:\/\/www.imsalud.gov.co\/web\/wp-json\/wp\/v2\/posts\/9118","targetHints":{"allow":["GET"]}}],"collection":[{"href":"https:\/\/www.imsalud.gov.co\/web\/wp-json\/wp\/v2\/posts"}],"about":[{"href":"https:\/\/www.imsalud.gov.co\/web\/wp-json\/wp\/v2\/types\/post"}],"author":[{"embeddable":true,"href":"https:\/\/www.imsalud.gov.co\/web\/wp-json\/wp\/v2\/users\/19"}],"replies":[{"embeddable":true,"href":"https:\/\/www.imsalud.gov.co\/web\/wp-json\/wp\/v2\/comments?post=9118"}],"version-history":[{"count":0,"href":"https:\/\/www.imsalud.gov.co\/web\/wp-json\/wp\/v2\/posts\/9118\/revisions"}],"wp:attachment":[{"href":"https:\/\/www.imsalud.gov.co\/web\/wp-json\/wp\/v2\/media?parent=9118"}],"wp:term":[{"taxonomy":"category","embeddable":true,"href":"https:\/\/www.imsalud.gov.co\/web\/wp-json\/wp\/v2\/categories?post=9118"},{"taxonomy":"post_tag","embeddable":true,"href":"https:\/\/www.imsalud.gov.co\/web\/wp-json\/wp\/v2\/tags?post=9118"}],"curies":[{"name":"wp","href":"https:\/\/api.w.org\/{rel}","templated":true}]}}