{"id":9111,"date":"2011-07-08T05:00:00","date_gmt":"2011-07-08T10:00:00","guid":{"rendered":"http:\/\/www.imsalud.gov.co\/web\/cuarto-foro-de-asociacion-de-usuarios-de-la-salud-julio-7-2011\/"},"modified":"2011-07-08T05:00:00","modified_gmt":"2011-07-08T10:00:00","slug":"cuarto-foro-de-asociacion-de-usuarios-de-la-salud-julio-7-2011","status":"publish","type":"post","link":"https:\/\/www.imsalud.gov.co\/web\/nosotros\/dependencias\/siau\/siau-noticias\/cuarto-foro-de-asociacion-de-usuarios-de-la-salud-julio-7-2011\/","title":{"rendered":"CUARTO FORO DE ASOCIACI\u00d2N DE USUARIOS DE LA SALUD -Julio -7-2011"},"content":{"rendered":"<p><img loading=\"lazy\" decoding=\"async\" class=\" size-full wp-image-9110\" src=\"http:\/\/www.imsalud.gov.co\/web\/wp-content\/uploads\/2011\/07\/5fb33f3d4b39fe2945380c24d84b225a.jpg\" alt=\"\" width=\"300\" height=\"300\" srcset=\"https:\/\/www.imsalud.gov.co\/web\/wp-content\/uploads\/2011\/07\/5fb33f3d4b39fe2945380c24d84b225a.jpg 300w, https:\/\/www.imsalud.gov.co\/web\/wp-content\/uploads\/2011\/07\/5fb33f3d4b39fe2945380c24d84b225a-150x150.jpg 150w\" sizes=\"auto, (max-width: 300px) 100vw, 300px\" \/><\/p>\n<p>Habitantes de los Barrios San Luis, San Martin, Santa Ana, Bocono y San marcos de la ciudadela de la Libertad, fueron convocados a participar en el cuarto foro comunal de usuarios de la salud de baja complejidad de atenci\u00f3n B\u00e1sica que realiz\u00f3 la Empresa social del estado IMSALUD el pasado jueves 30 Junio.<\/p>\n<p>La jornada conto con la presencia de unos 80 usuarios de las diferentes I.P.S que hacen parte de la red p\u00fablica de atenci\u00f3n de baja complejidad de de la E.S.E IMSALUD.<\/p>\n<p>Uno de los objetivos de estas jornadas, es Garantizarle a la comunidad espacios participativos de informaci\u00f3n que les permita acceder adecuadamente a los diferentes servicios de salud ofertados por la Empresa.<\/p>\n<p>  <!--more-->  <\/p>\n<p>La jornada de participaci\u00f3n comunitaria que conto con una masiva asistencia de usuarios De la comuna, cuatro Sirvi\u00f3 igualmente para analizar la prestaci\u00f3n de los servicios m\u00e9dicos que se vienen prestando en las unidades b\u00e1sicas e IPS del municipio<\/p>\n<p>Al foro que se realizo en el Auditorio de IMSALUD del Centro Comercial Bol\u00edvar fueron invitados Beneficiarios del R\u00e9gimen subsidiado, asociaciones de usuarios, ediles y presidentes de juntas de Acci\u00f3n Comunal de la comuna Cuatro de C\u00facuta.<\/p>\n","protected":false},"excerpt":{"rendered":"<p>Habitantes de los Barrios San Luis, San Martin, Santa Ana, Bocono y San marcos de la ciudadela de la Libertad, fueron convocados a participar en el cuarto foro comunal de [&#8230;]\n","protected":false},"author":19,"featured_media":9110,"comment_status":"open","ping_status":"open","sticky":false,"template":"","format":"standard","meta":{"footnotes":""},"categories":[383],"tags":[],"class_list":["post-9111","post","type-post","status-publish","format-standard","has-post-thumbnail","hentry","category-siau-noticias"],"_links":{"self":[{"href":"https:\/\/www.imsalud.gov.co\/web\/wp-json\/wp\/v2\/posts\/9111","targetHints":{"allow":["GET"]}}],"collection":[{"href":"https:\/\/www.imsalud.gov.co\/web\/wp-json\/wp\/v2\/posts"}],"about":[{"href":"https:\/\/www.imsalud.gov.co\/web\/wp-json\/wp\/v2\/types\/post"}],"author":[{"embeddable":true,"href":"https:\/\/www.imsalud.gov.co\/web\/wp-json\/wp\/v2\/users\/19"}],"replies":[{"embeddable":true,"href":"https:\/\/www.imsalud.gov.co\/web\/wp-json\/wp\/v2\/comments?post=9111"}],"version-history":[{"count":0,"href":"https:\/\/www.imsalud.gov.co\/web\/wp-json\/wp\/v2\/posts\/9111\/revisions"}],"wp:featuredmedia":[{"embeddable":true,"href":"https:\/\/www.imsalud.gov.co\/web\/wp-json\/wp\/v2\/media\/9110"}],"wp:attachment":[{"href":"https:\/\/www.imsalud.gov.co\/web\/wp-json\/wp\/v2\/media?parent=9111"}],"wp:term":[{"taxonomy":"category","embeddable":true,"href":"https:\/\/www.imsalud.gov.co\/web\/wp-json\/wp\/v2\/categories?post=9111"},{"taxonomy":"post_tag","embeddable":true,"href":"https:\/\/www.imsalud.gov.co\/web\/wp-json\/wp\/v2\/tags?post=9111"}],"curies":[{"name":"wp","href":"https:\/\/api.w.org\/{rel}","templated":true}]}}