{"id":9109,"date":"2011-06-28T05:00:00","date_gmt":"2011-06-28T10:00:00","guid":{"rendered":"http:\/\/www.imsalud.gov.co\/web\/denunciar-mala-atencion-en-ips-y-unidades-basicas-de-cucuta-solicito-gerente-de-imsalud-a-sus-usuarios\/"},"modified":"2011-06-28T05:00:00","modified_gmt":"2011-06-28T10:00:00","slug":"denunciar-mala-atencion-en-ips-y-unidades-basicas-de-cucuta-solicito-gerente-de-imsalud-a-sus-usuarios","status":"publish","type":"post","link":"https:\/\/www.imsalud.gov.co\/web\/nosotros\/dependencias\/siau\/siau-noticias\/denunciar-mala-atencion-en-ips-y-unidades-basicas-de-cucuta-solicito-gerente-de-imsalud-a-sus-usuarios\/","title":{"rendered":"DENUNCIAR  MALA ATENCI\u00d2N,   SOLICITO GERENTE DE IMSALUD"},"content":{"rendered":"<p><img loading=\"lazy\" decoding=\"async\" class=\" size-full wp-image-9108\" src=\"http:\/\/www.imsalud.gov.co\/web\/wp-content\/uploads\/2011\/06\/f1f53c46d22853de0a4d7caebf347202.jpg\" alt=\"\" width=\"300\" height=\"300\" srcset=\"https:\/\/www.imsalud.gov.co\/web\/wp-content\/uploads\/2011\/06\/f1f53c46d22853de0a4d7caebf347202.jpg 300w, https:\/\/www.imsalud.gov.co\/web\/wp-content\/uploads\/2011\/06\/f1f53c46d22853de0a4d7caebf347202-150x150.jpg 150w\" sizes=\"auto, (max-width: 300px) 100vw, 300px\" \/><\/p>\n<p>La Empresa Social del Estado IMSALUD, a trav\u00e9s de su gerente encargado William Vesga Jaimes, le pidi\u00f3 a la comunidad denunciar ante la Oficina de informaci\u00f3n y orientaci\u00f3n al usuario (SIAU), las irregularidades en la prestaci\u00f3n de los servicios m\u00e9dicos de baja complejidad con el fin de poder garantizar la atenci\u00f3n a todos sus beneficiarios.<\/p>\n<p>Frente a las denuncias presentadas en los \u00faltimos d\u00edas por la comunidad por inconvenientes que se presentan en las unidades b\u00e1sicas e IPS del sector urbano y rural de C\u00facuta, por falta de m\u00e9dicos, demora en la atenci\u00f3n y entrega oportuna de medicamentos, Vesga Jaimes record\u00f3 que en las 38 IPS del Municipio de C\u00facuta hay presencia de promotoras SIAU encargadas de recibir las quejas y reclamos de los usuarios.<\/p>\n<p>Leer m\u00e1s&#8230;<\/p>\n<p>\u00a0<\/p>\n<p>  <!--more-->  <\/p>\n<p>\u00a0<\/p>\n<p>\u00a0<\/p>\n<p>Igualmente explico que en la divisi\u00f3n administrativa de la E.S.E IMSALUD ubicada en el Centro Comercial Bol\u00edvar, se encuentra la sede principal de atenci\u00f3n al usuario en donde se le da tr\u00e1mite inmediato a las denuncias que se presenten por mala prestaci\u00f3n del servicio.<\/p>\n<p>Por su parte el director de la Oficina de Informaci\u00f3n y atenci\u00f3n al usuario Oscar Mario Palacio se\u00f1alo que es importante La presencia de la comunidad beneficiaria del r\u00e9gimen subsidiado en los foros comunitarios que se realizan mensualmente en las diferentes comunas para que expongan las inquietudes que tengan sobre la prestaci\u00f3n de los servicios m\u00e9dicos y conozcan de sus deberes y derechos de acuerdo al plan obligatorio de salud.<\/p>\n","protected":false},"excerpt":{"rendered":"<p>La Empresa Social del Estado IMSALUD, a trav\u00e9s de su gerente encargado William Vesga Jaimes, le pidi\u00f3 a la comunidad denunciar ante la Oficina de informaci\u00f3n y orientaci\u00f3n al usuario [&#8230;]\n","protected":false},"author":19,"featured_media":9108,"comment_status":"open","ping_status":"open","sticky":false,"template":"","format":"standard","meta":{"footnotes":""},"categories":[383],"tags":[],"class_list":["post-9109","post","type-post","status-publish","format-standard","has-post-thumbnail","hentry","category-siau-noticias"],"_links":{"self":[{"href":"https:\/\/www.imsalud.gov.co\/web\/wp-json\/wp\/v2\/posts\/9109","targetHints":{"allow":["GET"]}}],"collection":[{"href":"https:\/\/www.imsalud.gov.co\/web\/wp-json\/wp\/v2\/posts"}],"about":[{"href":"https:\/\/www.imsalud.gov.co\/web\/wp-json\/wp\/v2\/types\/post"}],"author":[{"embeddable":true,"href":"https:\/\/www.imsalud.gov.co\/web\/wp-json\/wp\/v2\/users\/19"}],"replies":[{"embeddable":true,"href":"https:\/\/www.imsalud.gov.co\/web\/wp-json\/wp\/v2\/comments?post=9109"}],"version-history":[{"count":0,"href":"https:\/\/www.imsalud.gov.co\/web\/wp-json\/wp\/v2\/posts\/9109\/revisions"}],"wp:featuredmedia":[{"embeddable":true,"href":"https:\/\/www.imsalud.gov.co\/web\/wp-json\/wp\/v2\/media\/9108"}],"wp:attachment":[{"href":"https:\/\/www.imsalud.gov.co\/web\/wp-json\/wp\/v2\/media?parent=9109"}],"wp:term":[{"taxonomy":"category","embeddable":true,"href":"https:\/\/www.imsalud.gov.co\/web\/wp-json\/wp\/v2\/categories?post=9109"},{"taxonomy":"post_tag","embeddable":true,"href":"https:\/\/www.imsalud.gov.co\/web\/wp-json\/wp\/v2\/tags?post=9109"}],"curies":[{"name":"wp","href":"https:\/\/api.w.org\/{rel}","templated":true}]}}