{"id":9096,"date":"2012-04-02T21:53:13","date_gmt":"2012-04-03T02:53:13","guid":{"rendered":"http:\/\/www.imsalud.gov.co\/web\/dr-jose-hernando-mora-juro-como-gerente-de-la-ese-imsalud\/"},"modified":"2012-04-02T21:53:13","modified_gmt":"2012-04-03T02:53:13","slug":"dr-jose-hernando-mora-juro-como-gerente-de-la-ese-imsalud","status":"publish","type":"post","link":"https:\/\/www.imsalud.gov.co\/web\/uncategorised\/dr-jose-hernando-mora-juro-como-gerente-de-la-ese-imsalud\/","title":{"rendered":"Dr. Jose Hernando Mora, jur\u00f3 como Gerente de la ESE IMSALUD"},"content":{"rendered":"<p>Abril 1\/2012. Ante el alcalde de&nbsp; C\u00facuta Donamaris Ram\u00edrez Paris tom\u00f3 juramento Jos\u00e9 Hernando Mora&nbsp; como nuevo gerente de la Empresa&nbsp; Social del Estado Imsalud.<br \/>Hernando Mora&nbsp; es M\u00e9dico&nbsp; Cirujano representante por Colombia ante Am\u00e9rica en el Comit\u00e9&nbsp; de discapacidad.&nbsp; Su anterior trabajo fue en el Centro de Rehabilitaci\u00f3n Cardioneuromuscular en C\u00facuta.<\/p>\n<p> <!--more--> <img loading=\"lazy\" decoding=\"async\" src=\"images\/stories\/DESCARGO\/HERNANDOMORA.JPG\" height=\"272\" width=\"403\" \/> <\/p>\n<p>\u00a0<\/p>\n<p>Durante el acto de posesi\u00f3n Donamaris Ram\u00edrez&nbsp; resalt\u00f3 el&nbsp; conocimiento que Hernando Mora tiene en cuanto al tema de discapacidad, igualmente le&nbsp; manifest\u00f3&nbsp; la idea&nbsp; de coordinar con las autoridades pertinentes del \u00e1mbito local los juegos nacionales.<\/p>\n<p>Inform\u00f3.&nbsp; Linda Rozo Soto. Jefe de Prensa ESEIMSALUD.<\/p>\n","protected":false},"excerpt":{"rendered":"<p>Abril 1\/2012. Ante el alcalde de&nbsp; C\u00facuta Donamaris Ram\u00edrez Paris tom\u00f3 juramento Jos\u00e9 Hernando Mora&nbsp; como nuevo gerente de la Empresa&nbsp; Social del Estado Imsalud.Hernando Mora&nbsp; es M\u00e9dico&nbsp; Cirujano representante [&#8230;]\n","protected":false},"author":19,"featured_media":0,"comment_status":"open","ping_status":"open","sticky":false,"template":"","format":"standard","meta":{"footnotes":""},"categories":[366],"tags":[],"class_list":["post-9096","post","type-post","status-publish","format-standard","hentry","category-uncategorised"],"_links":{"self":[{"href":"https:\/\/www.imsalud.gov.co\/web\/wp-json\/wp\/v2\/posts\/9096","targetHints":{"allow":["GET"]}}],"collection":[{"href":"https:\/\/www.imsalud.gov.co\/web\/wp-json\/wp\/v2\/posts"}],"about":[{"href":"https:\/\/www.imsalud.gov.co\/web\/wp-json\/wp\/v2\/types\/post"}],"author":[{"embeddable":true,"href":"https:\/\/www.imsalud.gov.co\/web\/wp-json\/wp\/v2\/users\/19"}],"replies":[{"embeddable":true,"href":"https:\/\/www.imsalud.gov.co\/web\/wp-json\/wp\/v2\/comments?post=9096"}],"version-history":[{"count":0,"href":"https:\/\/www.imsalud.gov.co\/web\/wp-json\/wp\/v2\/posts\/9096\/revisions"}],"wp:attachment":[{"href":"https:\/\/www.imsalud.gov.co\/web\/wp-json\/wp\/v2\/media?parent=9096"}],"wp:term":[{"taxonomy":"category","embeddable":true,"href":"https:\/\/www.imsalud.gov.co\/web\/wp-json\/wp\/v2\/categories?post=9096"},{"taxonomy":"post_tag","embeddable":true,"href":"https:\/\/www.imsalud.gov.co\/web\/wp-json\/wp\/v2\/tags?post=9096"}],"curies":[{"name":"wp","href":"https:\/\/api.w.org\/{rel}","templated":true}]}}