{"id":9092,"date":"2011-04-11T20:02:29","date_gmt":"2011-04-12T01:02:29","guid":{"rendered":"http:\/\/www.imsalud.gov.co\/web\/elecciones-en-la-e-s-e-imsalud\/"},"modified":"2011-04-11T20:02:29","modified_gmt":"2011-04-12T01:02:29","slug":"elecciones-en-la-e-s-e-imsalud","status":"publish","type":"post","link":"https:\/\/www.imsalud.gov.co\/web\/uncategorised\/elecciones-en-la-e-s-e-imsalud\/","title":{"rendered":"ELECCIONES EN LA E.S.E  IMSALUD"},"content":{"rendered":"<p>De acuerdo a lo dispuesto en la resoluci\u00f3n 122 del 22 de Marzo del 2011, la Empresa social del estado IMSALUD realizo la convocatoria y posterior elecci\u00f3n de los representantes ante la junta directiva por el sector administrativo y sector asistencial.<\/p>\n<p>Como Candidatos  del sector Asistencial a la junta directiva se Inscribieron Germ\u00e1n Cortes S\u00e1nchez, Santiago Morales y Jerry Hawkins Davis.<\/p>\n<p>Como candidatos del sector administrativo participaron &nbsp;el jefe de la oficina de presupuesto y contabilidad Martin Giovanny Ram\u00edrez J\u00e1uregui y Freddy Antonio Ibarra Toloza.<\/p>\n<p><img loading=\"lazy\" decoding=\"async\" src=\"images\/stories\/elecciones.jpg\" width=\"259\" height=\"117\" \/><\/p>\n<p>Finalmente fueron elegidos  el Jefe de la Oficina de presupuesto de&nbsp;&nbsp; Martin Giovanni Ram\u00edrez J\u00e1uregui  y el Bacteri\u00f3logo Santiago Morales  como los nuevos representantes ante la junta directiva.<\/p>\n<p>La elecci\u00f3n que se realizo el 7 de Abril de acuerdo a la convocatoria hecha por la oficina de Administraci\u00f3n laboral se desarrollo en total&nbsp;&nbsp; normalidad  y trasparencia&nbsp;&nbsp; de acuerdo a lo manifestado por las directivas de la Empresa.<\/p>\n<p>La jornada conto con la presencia de la delegada de la personer\u00eda Municipal Evelyn Sof\u00eda D\u00e1vila L\u00f3pez y de la registradur\u00eda especial de C\u00facuta Gladys Lozano Cristancho quienes actuaron como veedoras en dicho proceso electoral.<\/p>\n<p>Como jurados de votaci\u00f3n en las elecciones administrativas estuvieron Luz Marina Alba Rodr\u00edguez, Martha M\u00e9ndez y Carlos Arturo Caicedo Fl\u00f3rez.<\/p>\n","protected":false},"excerpt":{"rendered":"<p>De acuerdo a lo dispuesto en la resoluci\u00f3n 122 del 22 de Marzo del 2011, la Empresa social del estado IMSALUD realizo la convocatoria y posterior elecci\u00f3n de los representantes [&#8230;]\n","protected":false},"author":19,"featured_media":0,"comment_status":"open","ping_status":"open","sticky":false,"template":"","format":"standard","meta":{"footnotes":""},"categories":[366],"tags":[],"class_list":["post-9092","post","type-post","status-publish","format-standard","hentry","category-uncategorised"],"_links":{"self":[{"href":"https:\/\/www.imsalud.gov.co\/web\/wp-json\/wp\/v2\/posts\/9092","targetHints":{"allow":["GET"]}}],"collection":[{"href":"https:\/\/www.imsalud.gov.co\/web\/wp-json\/wp\/v2\/posts"}],"about":[{"href":"https:\/\/www.imsalud.gov.co\/web\/wp-json\/wp\/v2\/types\/post"}],"author":[{"embeddable":true,"href":"https:\/\/www.imsalud.gov.co\/web\/wp-json\/wp\/v2\/users\/19"}],"replies":[{"embeddable":true,"href":"https:\/\/www.imsalud.gov.co\/web\/wp-json\/wp\/v2\/comments?post=9092"}],"version-history":[{"count":0,"href":"https:\/\/www.imsalud.gov.co\/web\/wp-json\/wp\/v2\/posts\/9092\/revisions"}],"wp:attachment":[{"href":"https:\/\/www.imsalud.gov.co\/web\/wp-json\/wp\/v2\/media?parent=9092"}],"wp:term":[{"taxonomy":"category","embeddable":true,"href":"https:\/\/www.imsalud.gov.co\/web\/wp-json\/wp\/v2\/categories?post=9092"},{"taxonomy":"post_tag","embeddable":true,"href":"https:\/\/www.imsalud.gov.co\/web\/wp-json\/wp\/v2\/tags?post=9092"}],"curies":[{"name":"wp","href":"https:\/\/api.w.org\/{rel}","templated":true}]}}