{"id":9066,"date":"2011-09-14T15:39:35","date_gmt":"2011-09-14T20:39:35","guid":{"rendered":"http:\/\/www.imsalud.gov.co\/web\/fortalecen-programas-de-prevencion-del-dengue\/"},"modified":"2020-09-26T12:19:11","modified_gmt":"2020-09-26T17:19:11","slug":"fortalecen-programas-de-prevencion-del-dengue","status":"publish","type":"post","link":"https:\/\/www.imsalud.gov.co\/web\/sala-de-prensa\/ultimas-noticias\/fortalecen-programas-de-prevencion-del-dengue\/","title":{"rendered":"FORTALECEN PROGRAMAS DE PREVENCI\u00d3N DEL DENGUE"},"content":{"rendered":"<p><b> <\/b><\/p>\n<p> <img loading=\"lazy\" decoding=\"async\" style=\"float: left;\" alt=\"dengue\" src=\"images\/stories\/dengue.jpg\" width=\"314\" height=\"212\" \/>Aunque La Empresa Social Del Estado IMSALUD&nbsp; a trav\u00e9s de la oficina de Vigilancia en Salud Publica confirmo una &nbsp;leve &nbsp;disminuci\u00f3n de &nbsp;casos de dengue cl\u00e1sico y Hemorr\u00e1gico&nbsp; En C\u00facuta en lo corrido del presente a\u00f1o, <!--more--> los programas de prevenci\u00f3n de la enfermedad&nbsp;&nbsp; se mantienen en toda&nbsp; la red p\u00fablica de atenci\u00f3n de baja complejidad del&nbsp; Municipio. <\/p>\n<p style=\"text-align: justify;\">Seg\u00fan el consolidado epidemiol\u00f3gico de IMSALUD, en lo corrido del 2011, se han presentando&nbsp; 611 casos confirmados de la enfermedad, 18 de dengue Hemorr\u00e1gico y 593&nbsp; de cl\u00e1sico.<\/p>\n<p style=\"text-align: justify;\">El plan de contingencia del dengue que se mantiene en todas las unidades b\u00e1sicas y 38 instituciones prestadoras de servicio de IMSALUD, ser\u00e1 reforzado en los pr\u00f3ximos d\u00edas con la llegada de la segunda temporada del periodo de lluvias en el pa\u00eds<\/p>\n<p style=\"text-align: justify;\">Seg\u00fan Camilo Chamucero, coordinador de la oficina de vigilancia en salud p\u00fablica de la E.S.E IMSALUD, Los protocolos de Atenci\u00f3n epidemiol\u00f3gica, adem\u00e1s de &nbsp;las campa\u00f1as educativas, que se realizan a trav\u00e9s de la oficina de Promoci\u00f3n y prevenci\u00f3n en las 38 IPS del Municipio, &nbsp;han&nbsp; permitido un adecuado manejo de la enfermedad, logrando mantenerse por debajo de los rangos de alarma.<\/p>\n<p> Actualmente &nbsp;la entidad, encargada de atender el primer nivel de atenci\u00f3n de baja complejidad en Salud en C\u00facuta, cuenta con dos centros centinelas Febril ubicados &nbsp;en la unidad B\u00e1sica de Comuneros y en el Policl\u00ednico de Juan Atalaya encargados de hacer una detecci\u00f3n oportuna de la enfermedad.<\/p>\n","protected":false},"excerpt":{"rendered":"<p>Aunque La Empresa Social Del Estado IMSALUD&nbsp; a trav\u00e9s de la oficina de Vigilancia en Salud Publica confirmo una &nbsp;leve &nbsp;disminuci\u00f3n de &nbsp;casos de dengue cl\u00e1sico y Hemorr\u00e1gico&nbsp; En C\u00facuta [&#8230;]\n","protected":false},"author":19,"featured_media":0,"comment_status":"open","ping_status":"open","sticky":false,"template":"","format":"standard","meta":{"footnotes":""},"categories":[74,366],"tags":[],"class_list":["post-9066","post","type-post","status-publish","format-standard","hentry","category-ultimas-noticias","category-uncategorised"],"_links":{"self":[{"href":"https:\/\/www.imsalud.gov.co\/web\/wp-json\/wp\/v2\/posts\/9066","targetHints":{"allow":["GET"]}}],"collection":[{"href":"https:\/\/www.imsalud.gov.co\/web\/wp-json\/wp\/v2\/posts"}],"about":[{"href":"https:\/\/www.imsalud.gov.co\/web\/wp-json\/wp\/v2\/types\/post"}],"author":[{"embeddable":true,"href":"https:\/\/www.imsalud.gov.co\/web\/wp-json\/wp\/v2\/users\/19"}],"replies":[{"embeddable":true,"href":"https:\/\/www.imsalud.gov.co\/web\/wp-json\/wp\/v2\/comments?post=9066"}],"version-history":[{"count":1,"href":"https:\/\/www.imsalud.gov.co\/web\/wp-json\/wp\/v2\/posts\/9066\/revisions"}],"predecessor-version":[{"id":30518,"href":"https:\/\/www.imsalud.gov.co\/web\/wp-json\/wp\/v2\/posts\/9066\/revisions\/30518"}],"wp:attachment":[{"href":"https:\/\/www.imsalud.gov.co\/web\/wp-json\/wp\/v2\/media?parent=9066"}],"wp:term":[{"taxonomy":"category","embeddable":true,"href":"https:\/\/www.imsalud.gov.co\/web\/wp-json\/wp\/v2\/categories?post=9066"},{"taxonomy":"post_tag","embeddable":true,"href":"https:\/\/www.imsalud.gov.co\/web\/wp-json\/wp\/v2\/tags?post=9066"}],"curies":[{"name":"wp","href":"https:\/\/api.w.org\/{rel}","templated":true}]}}