{"id":9051,"date":"2011-07-26T18:08:30","date_gmt":"2011-07-26T23:08:30","guid":{"rendered":"http:\/\/www.imsalud.gov.co\/web\/imsalud-inicio-el-pago-de-salarios-atrasados-a-los-trabajadores-contrados\/"},"modified":"2020-06-23T00:22:08","modified_gmt":"2020-06-23T05:22:08","slug":"imsalud-inicio-el-pago-de-salarios-atrasados-a-los-trabajadores-contrados","status":"publish","type":"post","link":"https:\/\/www.imsalud.gov.co\/web\/sala-de-prensa\/ultimas-noticias\/imsalud-inicio-el-pago-de-salarios-atrasados-a-los-trabajadores-contrados\/","title":{"rendered":"IMSALUD   INICIO EL PAGO DE SALARIOS ATRASADOS A LOS TRABAJADORES CONTRADOS"},"content":{"rendered":"<p style=\"text-align: justify;\">Despu\u00e9s de superar una serie de inconvenientes administrativos y financieros que se ven\u00edan presentando de vigencias anteriores, la Empresa Social del Estado IMSALUD, inicio el proceso de cancelaci\u00f3n del salario correspondiente al mes del Diciembre del 2010&nbsp;&nbsp; a los 700 trabajadores independientes Contratados a trav\u00e9s de orden de prestaci\u00f3n de Servicios.<\/p>\n<p> <!--more--> <\/p>\n<p style=\"text-align: justify;\">\u00a0<\/p>\n<p style=\"text-align: justify;\">William Vesga , Gerente encargado de la entidad, record\u00f3 que el incumpliendo con esta obligaci\u00f3n salarial se presento por problemas generados durante la vigencia del a\u00f1o anterior que impidi\u00f3 asegurar el rubro presupuestal para el pago de los honorarios a los empleados.<\/p>\n<p style=\"text-align: justify;\">\u00a0<\/p>\n<p style=\"text-align: justify;\">Se\u00f1alo que luego de una reuni\u00f3n sostenida con la junta directiva el pasado 23 de Junio, se autorizo por parte de sus integrantes la asignaci\u00f3n de los dineros correspondientes para el pago de los salarios atrasados.<\/p>\n<p style=\"text-align: justify;\">El pago dijo el gerente ha sido paulatino, si se tiene en cuenta&nbsp; que se debe adecuar el rubro presupuestal y seguir todos los procedimientos.<\/p>\n<p style=\"text-align: justify;\">Al momento han sido canceladas 300 cuentas aproximadamente y se espera que antes de terminar el mes de Julio se haya cancelado la totalidad de sus salarios.<\/p>\n<p style=\"text-align: justify;\">El gerente encargado de IMSALUD, record\u00f3 a los contratistas que tengan cuentas pendientes con la empresa tramitarles en el menor tiempo posible para proceder hacer efectivo el pago de las mismas.<\/p>\n<p style=\"text-align: justify;\">A partir de la pr\u00f3xima semana, IMSALUD comenzara hacer efectivo el tramite presupuestal para el pago del mes de Junio a los contratistas, quedando totalmente al d\u00eda con el pago de salarios por el sistema de OPS.<\/p>\n","protected":false},"excerpt":{"rendered":"<p>Despu\u00e9s de superar una serie de inconvenientes administrativos y financieros que se ven\u00edan presentando de vigencias anteriores, la Empresa Social del Estado IMSALUD, inicio el proceso de cancelaci\u00f3n del salario [&#8230;]\n","protected":false},"author":19,"featured_media":0,"comment_status":"open","ping_status":"open","sticky":false,"template":"","format":"standard","meta":{"footnotes":""},"categories":[74],"tags":[],"class_list":["post-9051","post","type-post","status-publish","format-standard","hentry","category-ultimas-noticias"],"_links":{"self":[{"href":"https:\/\/www.imsalud.gov.co\/web\/wp-json\/wp\/v2\/posts\/9051","targetHints":{"allow":["GET"]}}],"collection":[{"href":"https:\/\/www.imsalud.gov.co\/web\/wp-json\/wp\/v2\/posts"}],"about":[{"href":"https:\/\/www.imsalud.gov.co\/web\/wp-json\/wp\/v2\/types\/post"}],"author":[{"embeddable":true,"href":"https:\/\/www.imsalud.gov.co\/web\/wp-json\/wp\/v2\/users\/19"}],"replies":[{"embeddable":true,"href":"https:\/\/www.imsalud.gov.co\/web\/wp-json\/wp\/v2\/comments?post=9051"}],"version-history":[{"count":1,"href":"https:\/\/www.imsalud.gov.co\/web\/wp-json\/wp\/v2\/posts\/9051\/revisions"}],"predecessor-version":[{"id":27993,"href":"https:\/\/www.imsalud.gov.co\/web\/wp-json\/wp\/v2\/posts\/9051\/revisions\/27993"}],"wp:attachment":[{"href":"https:\/\/www.imsalud.gov.co\/web\/wp-json\/wp\/v2\/media?parent=9051"}],"wp:term":[{"taxonomy":"category","embeddable":true,"href":"https:\/\/www.imsalud.gov.co\/web\/wp-json\/wp\/v2\/categories?post=9051"},{"taxonomy":"post_tag","embeddable":true,"href":"https:\/\/www.imsalud.gov.co\/web\/wp-json\/wp\/v2\/tags?post=9051"}],"curies":[{"name":"wp","href":"https:\/\/api.w.org\/{rel}","templated":true}]}}