{"id":9050,"date":"2011-06-23T23:29:13","date_gmt":"2011-06-24T04:29:13","guid":{"rendered":"http:\/\/www.imsalud.gov.co\/web\/imsalud-apoya-brigada-de-salud-en-el-barrio-aeropuerto-junio-2-011\/"},"modified":"2020-09-26T12:19:05","modified_gmt":"2020-09-26T17:19:05","slug":"imsalud-apoya-brigada-de-salud-en-el-barrio-aeropuerto-junio-2-011","status":"publish","type":"post","link":"https:\/\/www.imsalud.gov.co\/web\/sala-de-prensa\/ultimas-noticias\/imsalud-apoya-brigada-de-salud-en-el-barrio-aeropuerto-junio-2-011\/","title":{"rendered":"IMSALUD APOYA BRIGADA DE SALUD EN EL BARRIO AEROPUERTO JUNIO 2.011"},"content":{"rendered":"<p><img loading=\"lazy\" decoding=\"async\" alt=\"001\" height=\"200\" width=\"271\" src=\"images\/stories\/001.jpg\" \/>La unidad M\u00f3vil de la E.S.E IMSALUD conformada por personal medico y param\u00e9dico de la instituci\u00f3n, se vinculo a la brigada de salud liderada por el programa presidencial familias en acci\u00f3n En el colegio Municipal del Barrio Aeropuerto de la comuna 6 de C\u00facuta que se realizo los d\u00edas 15 y 16 de Junio.&nbsp;&nbsp;<\/p>\n<p> <!--more--> <\/p>\n<p>As\u00ed lo confirmo Yesica Ar\u00e9valo funcionaria de la divisi\u00f3n de promoci\u00f3n y prevenci\u00f3n de la Empresa Social del Estado IMSALUD al se\u00f1alar que en la jornada estuvieron &nbsp;presentes un medico, un odont\u00f3logo, adem\u00e1s de varias auxiliares de enfermer\u00eda encargados de realizar los controles de crecimiento y desarrollo, consulta Medica general Y odontol\u00f3gica.<span style=\"color: #000000; font-family: Verdana, Arial, Helvetica, sans-serif; font-size: 11px; line-height: normal;\">Tambi\u00e9n se practicaron citolog\u00edas a madres cabeza de familia beneficiarias del programa familias en acci\u00f3n.&nbsp;&nbsp; Finalmente la Empresa Social del Estado IMSALUD se vinculo a la brigada de salud en el Barrio Nueva Esperanza que se realizo el pasado s\u00e1bado 18 de Junio liderada por la alcaldesa de C\u00facuta Mar\u00eda Eugenia Riascos.<\/span><\/p>\n<p> <span style=\"color: #000000; font-family: Verdana, Arial, Helvetica, sans-serif; font-size: 11px; line-height: normal;\"> <\/p>\n<p>Durante la jornada la unidad M\u00e9dica se realizo consulta M\u00e9dica general y odontol\u00f3gica a ni\u00f1os de 2 a l0 a\u00f1os.<\/p>\n<p> <\/span>Jefe de Prensa.&nbsp; Claudia Sarmiento. ESE IMSALUD.<\/p>\n","protected":false},"excerpt":{"rendered":"<p>La unidad M\u00f3vil de la E.S.E IMSALUD conformada por personal medico y param\u00e9dico de la instituci\u00f3n, se vinculo a la brigada de salud liderada por el programa presidencial familias en [&#8230;]\n","protected":false},"author":19,"featured_media":0,"comment_status":"open","ping_status":"open","sticky":false,"template":"","format":"standard","meta":{"footnotes":""},"categories":[74,366],"tags":[],"class_list":["post-9050","post","type-post","status-publish","format-standard","hentry","category-ultimas-noticias","category-uncategorised"],"_links":{"self":[{"href":"https:\/\/www.imsalud.gov.co\/web\/wp-json\/wp\/v2\/posts\/9050","targetHints":{"allow":["GET"]}}],"collection":[{"href":"https:\/\/www.imsalud.gov.co\/web\/wp-json\/wp\/v2\/posts"}],"about":[{"href":"https:\/\/www.imsalud.gov.co\/web\/wp-json\/wp\/v2\/types\/post"}],"author":[{"embeddable":true,"href":"https:\/\/www.imsalud.gov.co\/web\/wp-json\/wp\/v2\/users\/19"}],"replies":[{"embeddable":true,"href":"https:\/\/www.imsalud.gov.co\/web\/wp-json\/wp\/v2\/comments?post=9050"}],"version-history":[{"count":2,"href":"https:\/\/www.imsalud.gov.co\/web\/wp-json\/wp\/v2\/posts\/9050\/revisions"}],"predecessor-version":[{"id":30510,"href":"https:\/\/www.imsalud.gov.co\/web\/wp-json\/wp\/v2\/posts\/9050\/revisions\/30510"}],"wp:attachment":[{"href":"https:\/\/www.imsalud.gov.co\/web\/wp-json\/wp\/v2\/media?parent=9050"}],"wp:term":[{"taxonomy":"category","embeddable":true,"href":"https:\/\/www.imsalud.gov.co\/web\/wp-json\/wp\/v2\/categories?post=9050"},{"taxonomy":"post_tag","embeddable":true,"href":"https:\/\/www.imsalud.gov.co\/web\/wp-json\/wp\/v2\/tags?post=9050"}],"curies":[{"name":"wp","href":"https:\/\/api.w.org\/{rel}","templated":true}]}}