{"id":9049,"date":"2011-09-21T15:51:44","date_gmt":"2011-09-21T20:51:44","guid":{"rendered":"http:\/\/www.imsalud.gov.co\/web\/imsalud-capacita-sobre-salud-ocupacional\/"},"modified":"2011-09-21T15:51:44","modified_gmt":"2011-09-21T20:51:44","slug":"imsalud-capacita-sobre-salud-ocupacional","status":"publish","type":"post","link":"https:\/\/www.imsalud.gov.co\/web\/uncategorised\/imsalud-capacita-sobre-salud-ocupacional\/","title":{"rendered":"IMSALUD CAPACITA SOBRE SALUD OCUPACIONAL"},"content":{"rendered":"<p style=\"text-align: justify;\"><img loading=\"lazy\" decoding=\"async\" style=\"float: left;\" alt=\"SALUDOCP\" height=\"201\" width=\"400\" src=\"images\/stories\/SALUDOCP.jpg\" \/>La Empresa Social Del Estado IMSALUD, a trav\u00e9s de la oficina de salud Ocupacional desarrollo durante los d\u00edas, 13 y 14 de Septiembre la jornada de capacitaci\u00f3n sobre sistema general de riesgos profesionales.Temas relacionados con &nbsp;riesgos, accidentes y enfermedades profesionales fueron expuestos por el conferencista Jos\u00e9 Fernando &nbsp;L\u00f3pez &nbsp;Zambrano, funcionario del Ministerio de la protecci\u00f3n Social y experto en el tema de Salud Ocupacional.<\/p>\n<p style=\"text-align: justify;\">A la capacitaci\u00f3n que se realizo en las instalaciones del Hotel &nbsp;Casino Internacional, &nbsp;asistieron &nbsp;cerca de 400 trabajadores &nbsp;operativos y administrativos &nbsp;de la E.S.E IMSALUD.Martha Parra, coordinadora de la Oficina De Salud Ocupacional destaco la importancia de este tipo de eventos que busca mejorar el clima organizacional de la Empresa.Igualmente resalto la masiva participaci\u00f3n de los trabajadores tanto de Planta como contratistas quienes recibieron nuevas herramientas sobre accidentes laborales y que hacer en caso de que sufran alguna eventualidad.<\/p>\n","protected":false},"excerpt":{"rendered":"<p>La Empresa Social Del Estado IMSALUD, a trav\u00e9s de la oficina de salud Ocupacional desarrollo durante los d\u00edas, 13 y 14 de Septiembre la jornada de capacitaci\u00f3n sobre sistema general [&#8230;]\n","protected":false},"author":19,"featured_media":0,"comment_status":"open","ping_status":"open","sticky":false,"template":"","format":"standard","meta":{"footnotes":""},"categories":[366],"tags":[],"class_list":["post-9049","post","type-post","status-publish","format-standard","hentry","category-uncategorised"],"_links":{"self":[{"href":"https:\/\/www.imsalud.gov.co\/web\/wp-json\/wp\/v2\/posts\/9049","targetHints":{"allow":["GET"]}}],"collection":[{"href":"https:\/\/www.imsalud.gov.co\/web\/wp-json\/wp\/v2\/posts"}],"about":[{"href":"https:\/\/www.imsalud.gov.co\/web\/wp-json\/wp\/v2\/types\/post"}],"author":[{"embeddable":true,"href":"https:\/\/www.imsalud.gov.co\/web\/wp-json\/wp\/v2\/users\/19"}],"replies":[{"embeddable":true,"href":"https:\/\/www.imsalud.gov.co\/web\/wp-json\/wp\/v2\/comments?post=9049"}],"version-history":[{"count":0,"href":"https:\/\/www.imsalud.gov.co\/web\/wp-json\/wp\/v2\/posts\/9049\/revisions"}],"wp:attachment":[{"href":"https:\/\/www.imsalud.gov.co\/web\/wp-json\/wp\/v2\/media?parent=9049"}],"wp:term":[{"taxonomy":"category","embeddable":true,"href":"https:\/\/www.imsalud.gov.co\/web\/wp-json\/wp\/v2\/categories?post=9049"},{"taxonomy":"post_tag","embeddable":true,"href":"https:\/\/www.imsalud.gov.co\/web\/wp-json\/wp\/v2\/tags?post=9049"}],"curies":[{"name":"wp","href":"https:\/\/api.w.org\/{rel}","templated":true}]}}