{"id":9048,"date":"2011-06-06T22:00:31","date_gmt":"2011-06-07T03:00:31","guid":{"rendered":"http:\/\/www.imsalud.gov.co\/web\/imsalud-eligio-representante-del-sector-asistencial-en-la-junta-directiva\/"},"modified":"2011-06-06T22:00:31","modified_gmt":"2011-06-07T03:00:31","slug":"imsalud-eligio-representante-del-sector-asistencial-en-la-junta-directiva","status":"publish","type":"post","link":"https:\/\/www.imsalud.gov.co\/web\/uncategorised\/imsalud-eligio-representante-del-sector-asistencial-en-la-junta-directiva\/","title":{"rendered":"IMSALUD ELIGIO  REPRESENTANTE DEL SECTOR ASISTENCIAL EN  LA JUNTA DIRECTIVA"},"content":{"rendered":"<div style=\"text-align: justify;\">El medico general Sergio Vargas J\u00e1uregui es el nuevo representante del sector asistencial ante la junta directiva de la Empresa Social del estado IMSALUD que preside la alcaldesa de C\u00facuta Mar\u00eda Eugenia  Riascos.<\/div>\n<div style=\"text-align: justify;\"><\/div>\n<p> Vinculado a la E.S.E IMSALUD como  profesional de Planta desde hace once a\u00f1os, fue elegido por  los trabajadores del sector operativo de la Empresa mediante elecciones convocadas por la oficina de administraci\u00f3n laboral mediante la resoluci\u00f3n 124 del 24 De marzo del presente a\u00f1o. <!--more--> <\/p>\n<div style=\"text-align: justify;\">La jornada de elecci\u00f3n se realizo en total transparencia y de acuerdo a la dispuesto en el articulo 70 de la ley  1438 del 2011, explico el gerente encargado de la Empresa Social del estado William Vesga Jaimes al indicar que una ves se posesione ante la secretaria de salud del municipio se integrara  oficialmente a la junta directiva de la E.S.E IMSALUD en representaci\u00f3n del sector asistencial.<\/div>\n<div style=\"text-align: justify;\">Con el nombramiento del nuevo miembro de la junta directiva se despeja el camino para la reuni\u00f3n en con todos sus representantes  con el fin de Tomar decisiones en temas relacionados con presupuesto y pago de deudas contra\u00eddas en vigencias anteriores.<\/div>\n","protected":false},"excerpt":{"rendered":"<p>El medico general Sergio Vargas J\u00e1uregui es el nuevo representante del sector asistencial ante la junta directiva de la Empresa Social del estado IMSALUD que preside la alcaldesa de C\u00facuta [&#8230;]\n","protected":false},"author":19,"featured_media":0,"comment_status":"open","ping_status":"open","sticky":false,"template":"","format":"standard","meta":{"footnotes":""},"categories":[366],"tags":[],"class_list":["post-9048","post","type-post","status-publish","format-standard","hentry","category-uncategorised"],"_links":{"self":[{"href":"https:\/\/www.imsalud.gov.co\/web\/wp-json\/wp\/v2\/posts\/9048","targetHints":{"allow":["GET"]}}],"collection":[{"href":"https:\/\/www.imsalud.gov.co\/web\/wp-json\/wp\/v2\/posts"}],"about":[{"href":"https:\/\/www.imsalud.gov.co\/web\/wp-json\/wp\/v2\/types\/post"}],"author":[{"embeddable":true,"href":"https:\/\/www.imsalud.gov.co\/web\/wp-json\/wp\/v2\/users\/19"}],"replies":[{"embeddable":true,"href":"https:\/\/www.imsalud.gov.co\/web\/wp-json\/wp\/v2\/comments?post=9048"}],"version-history":[{"count":0,"href":"https:\/\/www.imsalud.gov.co\/web\/wp-json\/wp\/v2\/posts\/9048\/revisions"}],"wp:attachment":[{"href":"https:\/\/www.imsalud.gov.co\/web\/wp-json\/wp\/v2\/media?parent=9048"}],"wp:term":[{"taxonomy":"category","embeddable":true,"href":"https:\/\/www.imsalud.gov.co\/web\/wp-json\/wp\/v2\/categories?post=9048"},{"taxonomy":"post_tag","embeddable":true,"href":"https:\/\/www.imsalud.gov.co\/web\/wp-json\/wp\/v2\/tags?post=9048"}],"curies":[{"name":"wp","href":"https:\/\/api.w.org\/{rel}","templated":true}]}}