{"id":9046,"date":"2011-06-08T15:13:32","date_gmt":"2011-06-08T20:13:32","guid":{"rendered":"http:\/\/www.imsalud.gov.co\/web\/imsalud-mantiene-activa-vigilancia-epidemiologica\/"},"modified":"2020-09-26T12:19:04","modified_gmt":"2020-09-26T17:19:04","slug":"imsalud-mantiene-activa-vigilancia-epidemiologica","status":"publish","type":"post","link":"https:\/\/www.imsalud.gov.co\/web\/sala-de-prensa\/ultimas-noticias\/imsalud-mantiene-activa-vigilancia-epidemiologica\/","title":{"rendered":"IMSALUD MANTIENE ACTIVA VIGILANCIA EPIDEMIOL\u00d3GICA"},"content":{"rendered":"<p><span style=\"font-size: 8pt;\"><img loading=\"lazy\" decoding=\"async\" alt=\"002\" height=\"200\" width=\"271\" src=\"images\/stories\/002.jpg\" \/>Aunque el per\u00edodo de lluvias ocasionado por el fen\u00f3meno de las ni\u00f1a esta finalizando en el pa\u00eds, La Empresa Social del Estado IMSALUD a trav\u00e9s de la oficina de vigilancia en salud publica mantendr\u00e1 activo su plan de contingencia hasta el mes de Julio del presente a\u00f1o. <\/span><\/p>\n<p> <!--more--> <\/p>\n<p>\u00a0<\/p>\n<p><span style=\"font-size: 8pt;\">En las unidades b\u00e1sicas e IPS que forman parte de la red prestadora de servicios m\u00e9dicos de baja complejidad, la E.S.E IMSALUD mantiene todas las acciones de vigilancia y control<b><i> <\/i><\/b>sanitario que se implementaron desde inicios del presente a\u00f1o en la zona rural y urbana del municipio de C\u00facuta.<\/span><\/p>\n<p><span style=\"font-size: 8pt;\">El Medico Jerry Steve Hawkins director de la unidad de promoci\u00f3n y prevenci\u00f3n de la Empresa Social del Estado, explico que la continuidad del plan de contingencia busca contrarrestar la aparici\u00f3n de virus y enfermedades contagiosas que se presentan tambi\u00e9n durante la temporada seca, por los cambios bruscos de temperatura, teniendo en cuenta adem\u00e1s que C\u00facuta fue una de las zonas del pa\u00eds mas afectadas por el periodo de lluvias.<\/span><\/p>\n<p><span style=\"font-size: 8pt;\">Se\u00f1alo Tambi\u00e9n que se contin\u00faan realizando jornadas de sensibilizaci\u00f3n sobre el uso racional del agua dirigidas al personal medico, param\u00e9dico y usuarios de toda La red de atenci\u00f3n b\u00e1sica con el fin de garantizar el suministro optimo del servicio en caso de nuevos racionamientos.<\/span><\/p>\n<p><span style=\"font-size: 8pt;\">El plan de contingencia seguir\u00e1 activo de acuerdo a las directrices del gobierno nacional con el fin de garantizar la prestaci\u00f3n del servicio en todas las IPS del municipio a todos sus usuarios tanto del r\u00e9gimen contributivo como subsidiado.<\/span><\/p>\n<p><span style=\"font-size: 8pt;\">Hasta este momento la oficina de vigilancia de salud p\u00fablica de la Empresa social del Estado IMSALUD no reporta ning\u00fan brote epidemiol\u00f3gico como consecuencia de la temporada invernal.<\/span><\/p>\n<p><span style=\"font-size: 8pt;\">Fecha: junio\/7\/2011 .&nbsp;&nbsp;&nbsp;&nbsp;&nbsp;&nbsp;&nbsp;&nbsp;&nbsp;&nbsp;&nbsp;&nbsp; Claudia Sarmiento. Jefe de Prensa.<\/span><\/p>\n","protected":false},"excerpt":{"rendered":"<p>Aunque el per\u00edodo de lluvias ocasionado por el fen\u00f3meno de las ni\u00f1a esta finalizando en el pa\u00eds, La Empresa Social del Estado IMSALUD a trav\u00e9s de la oficina de vigilancia [&#8230;]\n","protected":false},"author":19,"featured_media":0,"comment_status":"open","ping_status":"open","sticky":false,"template":"","format":"standard","meta":{"footnotes":""},"categories":[74,366],"tags":[],"class_list":["post-9046","post","type-post","status-publish","format-standard","hentry","category-ultimas-noticias","category-uncategorised"],"_links":{"self":[{"href":"https:\/\/www.imsalud.gov.co\/web\/wp-json\/wp\/v2\/posts\/9046","targetHints":{"allow":["GET"]}}],"collection":[{"href":"https:\/\/www.imsalud.gov.co\/web\/wp-json\/wp\/v2\/posts"}],"about":[{"href":"https:\/\/www.imsalud.gov.co\/web\/wp-json\/wp\/v2\/types\/post"}],"author":[{"embeddable":true,"href":"https:\/\/www.imsalud.gov.co\/web\/wp-json\/wp\/v2\/users\/19"}],"replies":[{"embeddable":true,"href":"https:\/\/www.imsalud.gov.co\/web\/wp-json\/wp\/v2\/comments?post=9046"}],"version-history":[{"count":1,"href":"https:\/\/www.imsalud.gov.co\/web\/wp-json\/wp\/v2\/posts\/9046\/revisions"}],"predecessor-version":[{"id":30509,"href":"https:\/\/www.imsalud.gov.co\/web\/wp-json\/wp\/v2\/posts\/9046\/revisions\/30509"}],"wp:attachment":[{"href":"https:\/\/www.imsalud.gov.co\/web\/wp-json\/wp\/v2\/media?parent=9046"}],"wp:term":[{"taxonomy":"category","embeddable":true,"href":"https:\/\/www.imsalud.gov.co\/web\/wp-json\/wp\/v2\/categories?post=9046"},{"taxonomy":"post_tag","embeddable":true,"href":"https:\/\/www.imsalud.gov.co\/web\/wp-json\/wp\/v2\/tags?post=9046"}],"curies":[{"name":"wp","href":"https:\/\/api.w.org\/{rel}","templated":true}]}}