{"id":9045,"date":"2011-06-30T14:50:57","date_gmt":"2011-06-30T19:50:57","guid":{"rendered":"http:\/\/www.imsalud.gov.co\/web\/imsalud-rindio-cuentas-en-el-concejo-municipal-junio-30-2-011\/"},"modified":"2020-09-26T12:19:08","modified_gmt":"2020-09-26T17:19:08","slug":"imsalud-rindio-cuentas-en-el-concejo-municipal-junio-30-2-011","status":"publish","type":"post","link":"https:\/\/www.imsalud.gov.co\/web\/sala-de-prensa\/ultimas-noticias\/imsalud-rindio-cuentas-en-el-concejo-municipal-junio-30-2-011\/","title":{"rendered":"IMSALUD RINDIO CUENTAS EN EL CONCEJO MUNICIPAL \u2013 Junio 30-2.011"},"content":{"rendered":"<p>Tal y como estaba previsto, La Empresa Social del Estado IMSALUD rindi\u00f3 su informe de gesti\u00f3n dentro del Control Pol\u00edtico que viene realizando el Concejo de C\u00facuta<\/p>\n<p>Durante la intervenci\u00f3n, el gerente encargado de la ESE William Vesga Jaimes, se refiri\u00f3 inicialmente al tema de la prestaci\u00f3n de los servicios m\u00e9dicos asistenciales en las 38 IPS del municipio de C\u00facuta.<\/p>\n<p> Igualmente a los programas de promoci\u00f3n y prevenci\u00f3n de la empresa relacionados con vacunaci\u00f3n, hipertensi\u00f3n arterial y atenci\u00f3n a enfermedades de alto riesgo de contagio como la Tuberculosis. <\/p>\n<p>\u00a0<\/p>\n<p> <!--more--> Lo extenso del tema, especialmente en la parte financiera, oblig\u00f3 a los concejales a declarar una sesi\u00f3n permanente del Control Pol\u00edtico que sirvi\u00f3 para analizar, en detalle, la situaci\u00f3n financiera y de contrataci\u00f3n de personal de planta y externo de la empresa, uno de las temas que despert\u00f3 mayor inter\u00e9s entre los representantes del cabildo. <\/p>\n<p>\u00a0<\/p>\n<p>Aspectos relacionados con la prestaci\u00f3n de los servicios M\u00e9dicos a los usuarios del R\u00e9gimen Subsidiado, la depuraci\u00f3n de la base de datos de las distintas EPS, el manejo financiero y administrativo de la Empresa fueron analizados durante este ejercicio Pol\u00edtico que se extendi\u00f3 por m\u00e1s de 8 horas.<\/p>\n<p>La gerencia de la ESE a cargo del medico William Vesga Jaimes escuch\u00f3 La inquietudes de los ediles durante el Control Pol\u00edtico con el fin de analizar la situaci\u00f3n financiera de la empresa y tomar los correctivos necesarios para superar las dificultades que se han venido presentando.<\/p>\n<p>Por su parte el ex gerente de la Empresa Social Del Estado IMSALUD y actual jefe de administraci\u00f3n laboral Tubalcail Contreras Torrado, despejo las dudas surgidas en los \u00faltimos d\u00edas en los medios de comunicaci\u00f3n de la ciudad sobre presuntas irregularidades de tipo financiero que se estar\u00edan presentando al interior de la misma.<\/p>\n<p>Se refiri\u00f3 igualmente a la elecci\u00f3n de la actual junta directiva de IMSALUD, argumentando que se hizo de acuerdo a lo estipulado por en el art\u00edculo 70 de la ley 1438 del presente a\u00f1o.<\/p>\n<p>El control Pol\u00edtico a IMSALUD,&nbsp;&nbsp; fue calificado por los asistentes de positivo, pues sirvi\u00f3 para despejar dudas en torno al buen funcionamiento de la E.S.E&nbsp;&nbsp; IMSALUD encarga de atender la red de atenci\u00f3n b\u00e1sica de baja complejidad de toda la ciudad.<\/p>\n<p>Jefe Prensa. Claudia Sarmiento. ESE IMSALUD<\/p>\n","protected":false},"excerpt":{"rendered":"<p>Tal y como estaba previsto, La Empresa Social del Estado IMSALUD rindi\u00f3 su informe de gesti\u00f3n dentro del Control Pol\u00edtico que viene realizando el Concejo de C\u00facuta Durante la intervenci\u00f3n, [&#8230;]\n","protected":false},"author":19,"featured_media":0,"comment_status":"open","ping_status":"open","sticky":false,"template":"","format":"standard","meta":{"footnotes":""},"categories":[74,366],"tags":[],"class_list":["post-9045","post","type-post","status-publish","format-standard","hentry","category-ultimas-noticias","category-uncategorised"],"_links":{"self":[{"href":"https:\/\/www.imsalud.gov.co\/web\/wp-json\/wp\/v2\/posts\/9045","targetHints":{"allow":["GET"]}}],"collection":[{"href":"https:\/\/www.imsalud.gov.co\/web\/wp-json\/wp\/v2\/posts"}],"about":[{"href":"https:\/\/www.imsalud.gov.co\/web\/wp-json\/wp\/v2\/types\/post"}],"author":[{"embeddable":true,"href":"https:\/\/www.imsalud.gov.co\/web\/wp-json\/wp\/v2\/users\/19"}],"replies":[{"embeddable":true,"href":"https:\/\/www.imsalud.gov.co\/web\/wp-json\/wp\/v2\/comments?post=9045"}],"version-history":[{"count":1,"href":"https:\/\/www.imsalud.gov.co\/web\/wp-json\/wp\/v2\/posts\/9045\/revisions"}],"predecessor-version":[{"id":30513,"href":"https:\/\/www.imsalud.gov.co\/web\/wp-json\/wp\/v2\/posts\/9045\/revisions\/30513"}],"wp:attachment":[{"href":"https:\/\/www.imsalud.gov.co\/web\/wp-json\/wp\/v2\/media?parent=9045"}],"wp:term":[{"taxonomy":"category","embeddable":true,"href":"https:\/\/www.imsalud.gov.co\/web\/wp-json\/wp\/v2\/categories?post=9045"},{"taxonomy":"post_tag","embeddable":true,"href":"https:\/\/www.imsalud.gov.co\/web\/wp-json\/wp\/v2\/tags?post=9045"}],"curies":[{"name":"wp","href":"https:\/\/api.w.org\/{rel}","templated":true}]}}