{"id":9002,"date":"2012-03-05T00:00:00","date_gmt":"2012-03-05T05:00:00","guid":{"rendered":"http:\/\/www.imsalud.gov.co\/web\/invitacion-publica-no-005-suministrar-insumos-de-aseo-y-cafeteria\/"},"modified":"2012-03-05T00:00:00","modified_gmt":"2012-03-05T05:00:00","slug":"invitacion-publica-no-005-suministrar-insumos-de-aseo-y-cafeteria","status":"publish","type":"post","link":"https:\/\/www.imsalud.gov.co\/web\/uncategorised\/invitacion-publica-no-005-suministrar-insumos-de-aseo-y-cafeteria\/","title":{"rendered":"Invitaci\u00f3n P\u00fablica No.005. Suministrar insumos de Aseo y Cafeter\u00eda."},"content":{"rendered":"<p>Invitaci\u00f3n P\u00fablica No.005 &#8211; Suministrar insumos de Aseo y Cafeter\u00eda.<\/p>\n<p><span style=\"color: #000080;\"><strong><a href=\"http:\/\/www.imsalud.gov.co\/web\/wp-content\/uploads\/2012\/03\/AVISO005INVPUBLICA.pdf\">Descargar Aviso<\/a><\/strong><\/span><\/p>\n<p><span style=\"color: #000080;\"><strong><a href=\"http:\/\/www.imsalud.gov.co\/web\/wp-content\/uploads\/2012\/03\/PREPLIEGO005ASEOCFETERIA.pdf\">Prepliego<\/a><\/strong><\/span><\/p>\n","protected":false},"excerpt":{"rendered":"<p>Invitaci\u00f3n P\u00fablica No.005 &#8211; Suministrar insumos de Aseo y Cafeter\u00eda. Descargar Aviso Prepliego<\/p>\n","protected":false},"author":19,"featured_media":0,"comment_status":"open","ping_status":"open","sticky":false,"template":"","format":"standard","meta":{"footnotes":""},"categories":[366],"tags":[],"class_list":["post-9002","post","type-post","status-publish","format-standard","hentry","category-uncategorised"],"_links":{"self":[{"href":"https:\/\/www.imsalud.gov.co\/web\/wp-json\/wp\/v2\/posts\/9002","targetHints":{"allow":["GET"]}}],"collection":[{"href":"https:\/\/www.imsalud.gov.co\/web\/wp-json\/wp\/v2\/posts"}],"about":[{"href":"https:\/\/www.imsalud.gov.co\/web\/wp-json\/wp\/v2\/types\/post"}],"author":[{"embeddable":true,"href":"https:\/\/www.imsalud.gov.co\/web\/wp-json\/wp\/v2\/users\/19"}],"replies":[{"embeddable":true,"href":"https:\/\/www.imsalud.gov.co\/web\/wp-json\/wp\/v2\/comments?post=9002"}],"version-history":[{"count":0,"href":"https:\/\/www.imsalud.gov.co\/web\/wp-json\/wp\/v2\/posts\/9002\/revisions"}],"wp:attachment":[{"href":"https:\/\/www.imsalud.gov.co\/web\/wp-json\/wp\/v2\/media?parent=9002"}],"wp:term":[{"taxonomy":"category","embeddable":true,"href":"https:\/\/www.imsalud.gov.co\/web\/wp-json\/wp\/v2\/categories?post=9002"},{"taxonomy":"post_tag","embeddable":true,"href":"https:\/\/www.imsalud.gov.co\/web\/wp-json\/wp\/v2\/tags?post=9002"}],"curies":[{"name":"wp","href":"https:\/\/api.w.org\/{rel}","templated":true}]}}