{"id":8986,"date":"2011-04-11T19:51:23","date_gmt":"2011-04-12T00:51:23","guid":{"rendered":"http:\/\/www.imsalud.gov.co\/web\/la-empresa-social-del-estado-imsalud-certificada-en-la-aplicacion-de-metodos-de-planificacion-familiar\/"},"modified":"2020-09-26T12:19:02","modified_gmt":"2020-09-26T17:19:02","slug":"la-empresa-social-del-estado-imsalud-certificada-en-la-aplicacion-de-metodos-de-planificacion-familiar","status":"publish","type":"post","link":"https:\/\/www.imsalud.gov.co\/web\/sala-de-prensa\/ultimas-noticias\/la-empresa-social-del-estado-imsalud-certificada-en-la-aplicacion-de-metodos-de-planificacion-familiar\/","title":{"rendered":"LA EMPRESA SOCIAL DEL ESTADO IMSALUD CERTIFICADA EN LA APLICACI\u00d2N DE METODOS DE PLANIFICACION FAMILIAR"},"content":{"rendered":"<p>Enfermeras jefes de las distintas unidades B\u00e1sica de la E.S.E IMSALUD fueron capacitados en la aplicaci\u00f3n de implantes Subd\u00e8rmicos, uno de los m\u00e9todos de planificaci\u00f3n familiar mas efectivos que previene el embarazo hasta por 5 a\u00f1os.\u00a0\u00a0\u00a0\u00a0 <!--more--> Con esta jornada, la Empresa Social del Estado IMSALUD, fue certificada en la aplicaci\u00f3n de este m\u00e9todo de Planificaci\u00f3n familiar, seguro y confiable \u00a0que busca b\u00e1sicamente beneficiar a jovencitas que no superan los 18 a\u00f1os que hayan iniciado su vida sexual. <\/p>\n<p style=\"text-align: justify;\">Con el proceso de certificaci\u00f3n todas las unidades b\u00e1sicas e IPS de IMSALUD, Estar\u00e1n debidamente capacitadas en la aplicaci\u00f3n de este tipo de implantes.\u00a0\u00a0\u00a0\u00a0 Alba Gelves enfermera de la divisi\u00f3n de promoci\u00f3n y prevenci\u00f3n de IMSALUD explic\u00f3 que este dispositivo que se coloca debajo de la piel, a nivel del brazo se aplica preferiblemente a mujeres j\u00f3venes desde los 16 a\u00f1os buscando de esta forma reducir los embarazos en adolecentes pues es uno de los anticonceptivos mas seguros y con menos efectos segundarios.\u00a0\u00a0 Durante La jornada que se realizo en la unidad B\u00e1sica de comuneros en la ciudadela de Juan Atalaya a la que asistieron jefes de enfermer\u00eda de todas las IPS adscritas a IMSALUD se aplicaron 49 implantes a igual Numero de mujeres, previo a un examen de valoraci\u00f3n para determinar si pod\u00edan o no coloc\u00e1rselo.<\/p>\n<p style=\"text-align: justify;\">Jefe de Prensa ESE IMSALUD.<\/p>\n","protected":false},"excerpt":{"rendered":"<p>Enfermeras jefes de las distintas unidades B\u00e1sica de la E.S.E IMSALUD fueron capacitados en la aplicaci\u00f3n de implantes Subd\u00e8rmicos, uno de los m\u00e9todos de planificaci\u00f3n familiar mas efectivos que previene [&#8230;]\n","protected":false},"author":19,"featured_media":0,"comment_status":"open","ping_status":"open","sticky":false,"template":"","format":"standard","meta":{"footnotes":""},"categories":[74,366],"tags":[],"class_list":["post-8986","post","type-post","status-publish","format-standard","hentry","category-ultimas-noticias","category-uncategorised"],"_links":{"self":[{"href":"https:\/\/www.imsalud.gov.co\/web\/wp-json\/wp\/v2\/posts\/8986","targetHints":{"allow":["GET"]}}],"collection":[{"href":"https:\/\/www.imsalud.gov.co\/web\/wp-json\/wp\/v2\/posts"}],"about":[{"href":"https:\/\/www.imsalud.gov.co\/web\/wp-json\/wp\/v2\/types\/post"}],"author":[{"embeddable":true,"href":"https:\/\/www.imsalud.gov.co\/web\/wp-json\/wp\/v2\/users\/19"}],"replies":[{"embeddable":true,"href":"https:\/\/www.imsalud.gov.co\/web\/wp-json\/wp\/v2\/comments?post=8986"}],"version-history":[{"count":1,"href":"https:\/\/www.imsalud.gov.co\/web\/wp-json\/wp\/v2\/posts\/8986\/revisions"}],"predecessor-version":[{"id":30507,"href":"https:\/\/www.imsalud.gov.co\/web\/wp-json\/wp\/v2\/posts\/8986\/revisions\/30507"}],"wp:attachment":[{"href":"https:\/\/www.imsalud.gov.co\/web\/wp-json\/wp\/v2\/media?parent=8986"}],"wp:term":[{"taxonomy":"category","embeddable":true,"href":"https:\/\/www.imsalud.gov.co\/web\/wp-json\/wp\/v2\/categories?post=8986"},{"taxonomy":"post_tag","embeddable":true,"href":"https:\/\/www.imsalud.gov.co\/web\/wp-json\/wp\/v2\/tags?post=8986"}],"curies":[{"name":"wp","href":"https:\/\/api.w.org\/{rel}","templated":true}]}}