{"id":8985,"date":"2012-03-29T17:32:11","date_gmt":"2012-03-29T22:32:11","guid":{"rendered":"http:\/\/www.imsalud.gov.co\/web\/la-ese-imsalud-acompano-a-la-multitudianaria-marcha-del-perdon\/"},"modified":"2012-03-29T17:32:11","modified_gmt":"2012-03-29T22:32:11","slug":"la-ese-imsalud-acompano-a-la-multitudianaria-marcha-del-perdon","status":"publish","type":"post","link":"https:\/\/www.imsalud.gov.co\/web\/uncategorised\/la-ese-imsalud-acompano-a-la-multitudianaria-marcha-del-perdon\/","title":{"rendered":"La ESE IMSALUD acompa\u00f1\u00f3 a la Multitudianaria Marcha del Perd\u00f3n."},"content":{"rendered":"<p>LA ESE IMSALUD ACOMPA\u00d1O A LA MULTITUDINARIA MARCHA DEL PERD\u00d3N<\/p>\n<p><img loading=\"lazy\" decoding=\"async\" class=\" alignleft size-full wp-image-8982\" style=\"float: left;\" src=\"http:\/\/www.imsalud.gov.co\/web\/wp-content\/uploads\/2012\/03\/HECTOR2.jpg\" height=\"138\" width=\"148\" \/><\/p>\n<p>Las 14 estaciones que conforman igual n\u00famero de pasos, recorrieron el   alcalde de C\u00facuta Donamaris Ram\u00edrez-Par\u00eds Lobo, el Obispo de la Di\u00f3cesis   de C\u00facuta monse\u00f1or Julio C\u00e9sar Vidal Ortiz, acompa\u00f1ado de los   funcionarios de la empresa social del estado ESE IMSALUD&nbsp;&nbsp; y una gran&nbsp;   multitud de feligreses, durante la denominada Marcha del Perd\u00f3n.<\/p>\n<p>\u00a0<\/p>\n<p> <!--more--> Durante   el recorrido que sali\u00f3 de la iglesia de San Rafael, tom\u00f3 la  avenida   Libertadores hasta el puente Arnulfo Brice\u00f1o, la consigna  mediante   frases fue para el perd\u00f3n. \u00abQuien no es capaz de perdonar, no  es capaz   de amar\u00bb, se dej\u00f3 escuchar la multitud durante la procesi\u00f3n.  La ESE   IMSALUD&nbsp; preparo&nbsp; la&nbsp; estaci\u00f3n numero VI all\u00ed se congregaron y    dramatizaron la parte correspondiente. <\/p>\n<p>\u00a0<\/p>\n<p>La Marcha del Perd\u00f3n hace parte de las ceremonias preparatorias durante la cuaresma que recibe a la Semana Santa.<\/p>\n<p>\u00a0<\/p>\n<p><img loading=\"lazy\" decoding=\"async\" class=\" alignleft size-full wp-image-8982\" style=\"float: left;\" src=\"http:\/\/www.imsalud.gov.co\/web\/wp-content\/uploads\/2012\/03\/HECTOR2.jpg\" height=\"304\" width=\"479\" \/><\/p>\n<p> <\/p>\n<table border=\"0\" height=\"290\" width=\"660\">\n<tbody>\n<tr>\n<td><\/td>\n<td style=\"text-align: center;\"><\/td>\n<\/tr>\n<tr>\n<td><img loading=\"lazy\" decoding=\"async\" class=\" size-full wp-image-8983\" style=\"display: block; margin-left: auto; margin-right: auto;\" src=\"http:\/\/www.imsalud.gov.co\/web\/wp-content\/uploads\/2012\/03\/HECTOR1.JPG\" height=\"294\" width=\"293\" \/><\/td>\n<td style=\"text-align: justify;\"><img loading=\"lazy\" decoding=\"async\" class=\" size-full wp-image-8984\" src=\"http:\/\/www.imsalud.gov.co\/web\/wp-content\/uploads\/2012\/03\/HECTOR3.jpg\" height=\"293\" width=\"337\" \/><\/td>\n<\/tr>\n<\/tbody>\n<\/table>\n<p> Inform\u00f3: Jefe de Prensa ESEIMSALUD<\/p>\n","protected":false},"excerpt":{"rendered":"<p>LA ESE IMSALUD ACOMPA\u00d1O A LA MULTITUDINARIA MARCHA DEL PERD\u00d3N Las 14 estaciones que conforman igual n\u00famero de pasos, recorrieron el alcalde de C\u00facuta Donamaris Ram\u00edrez-Par\u00eds Lobo, el Obispo de [&#8230;]\n","protected":false},"author":19,"featured_media":8982,"comment_status":"open","ping_status":"open","sticky":false,"template":"","format":"standard","meta":{"footnotes":""},"categories":[366],"tags":[],"class_list":["post-8985","post","type-post","status-publish","format-standard","has-post-thumbnail","hentry","category-uncategorised"],"_links":{"self":[{"href":"https:\/\/www.imsalud.gov.co\/web\/wp-json\/wp\/v2\/posts\/8985","targetHints":{"allow":["GET"]}}],"collection":[{"href":"https:\/\/www.imsalud.gov.co\/web\/wp-json\/wp\/v2\/posts"}],"about":[{"href":"https:\/\/www.imsalud.gov.co\/web\/wp-json\/wp\/v2\/types\/post"}],"author":[{"embeddable":true,"href":"https:\/\/www.imsalud.gov.co\/web\/wp-json\/wp\/v2\/users\/19"}],"replies":[{"embeddable":true,"href":"https:\/\/www.imsalud.gov.co\/web\/wp-json\/wp\/v2\/comments?post=8985"}],"version-history":[{"count":0,"href":"https:\/\/www.imsalud.gov.co\/web\/wp-json\/wp\/v2\/posts\/8985\/revisions"}],"wp:featuredmedia":[{"embeddable":true,"href":"https:\/\/www.imsalud.gov.co\/web\/wp-json\/wp\/v2\/media\/8982"}],"wp:attachment":[{"href":"https:\/\/www.imsalud.gov.co\/web\/wp-json\/wp\/v2\/media?parent=8985"}],"wp:term":[{"taxonomy":"category","embeddable":true,"href":"https:\/\/www.imsalud.gov.co\/web\/wp-json\/wp\/v2\/categories?post=8985"},{"taxonomy":"post_tag","embeddable":true,"href":"https:\/\/www.imsalud.gov.co\/web\/wp-json\/wp\/v2\/tags?post=8985"}],"curies":[{"name":"wp","href":"https:\/\/api.w.org\/{rel}","templated":true}]}}