{"id":8981,"date":"2012-03-30T12:22:38","date_gmt":"2012-03-30T17:22:38","guid":{"rendered":"http:\/\/www.imsalud.gov.co\/web\/la-ese-imsalud-despide-a-hector-saldarriaga\/"},"modified":"2012-03-30T12:22:38","modified_gmt":"2012-03-30T17:22:38","slug":"la-ese-imsalud-despide-a-hector-saldarriaga","status":"publish","type":"post","link":"https:\/\/www.imsalud.gov.co\/web\/uncategorised\/la-ese-imsalud-despide-a-hector-saldarriaga\/","title":{"rendered":"LA ESE IMSALUD despide a H\u00e9ctor  Saldarriaga"},"content":{"rendered":"<p>QUIEN PARTIO AL CIELO<\/p>\n<p style=\"text-align: justify;\"><img loading=\"lazy\" decoding=\"async\" class=\" size-full wp-image-8980\" src=\"http:\/\/www.imsalud.gov.co\/web\/wp-content\/uploads\/2012\/03\/HECTOR.jpg\" height=\"216\" width=\"199\" \/><\/p>\n<p style=\"text-align: justify;\">La p\u00e9rdida de un ser querido produce un dolor tan grande que solo el tiempo se encarga de aliviarlo. &nbsp; La ESE IMSALUD&nbsp; y sus funcionarios lamentan el&nbsp; fallecimiento de H\u00e9ctor Ra\u00fal Saldarriaga S\u00e1nchez quien fue un amigo, colaborador y trabajador incansable de esta entidad.<\/p>\n<p>Nuestras m\u00e1s sinceras condolencias&nbsp; a la familia de nuestro amigo H\u00e9ctor, Lamentamos mucho su p\u00e9rdida y compartimos su pena. Ahora Dios velar\u00e1 siempre por \u00e9l.<\/p>\n","protected":false},"excerpt":{"rendered":"<p>QUIEN PARTIO AL CIELO La p\u00e9rdida de un ser querido produce un dolor tan grande que solo el tiempo se encarga de aliviarlo. &nbsp; La ESE IMSALUD&nbsp; y sus funcionarios [&#8230;]\n","protected":false},"author":19,"featured_media":8980,"comment_status":"open","ping_status":"open","sticky":false,"template":"","format":"standard","meta":{"footnotes":""},"categories":[366],"tags":[],"class_list":["post-8981","post","type-post","status-publish","format-standard","has-post-thumbnail","hentry","category-uncategorised"],"_links":{"self":[{"href":"https:\/\/www.imsalud.gov.co\/web\/wp-json\/wp\/v2\/posts\/8981","targetHints":{"allow":["GET"]}}],"collection":[{"href":"https:\/\/www.imsalud.gov.co\/web\/wp-json\/wp\/v2\/posts"}],"about":[{"href":"https:\/\/www.imsalud.gov.co\/web\/wp-json\/wp\/v2\/types\/post"}],"author":[{"embeddable":true,"href":"https:\/\/www.imsalud.gov.co\/web\/wp-json\/wp\/v2\/users\/19"}],"replies":[{"embeddable":true,"href":"https:\/\/www.imsalud.gov.co\/web\/wp-json\/wp\/v2\/comments?post=8981"}],"version-history":[{"count":0,"href":"https:\/\/www.imsalud.gov.co\/web\/wp-json\/wp\/v2\/posts\/8981\/revisions"}],"wp:featuredmedia":[{"embeddable":true,"href":"https:\/\/www.imsalud.gov.co\/web\/wp-json\/wp\/v2\/media\/8980"}],"wp:attachment":[{"href":"https:\/\/www.imsalud.gov.co\/web\/wp-json\/wp\/v2\/media?parent=8981"}],"wp:term":[{"taxonomy":"category","embeddable":true,"href":"https:\/\/www.imsalud.gov.co\/web\/wp-json\/wp\/v2\/categories?post=8981"},{"taxonomy":"post_tag","embeddable":true,"href":"https:\/\/www.imsalud.gov.co\/web\/wp-json\/wp\/v2\/tags?post=8981"}],"curies":[{"name":"wp","href":"https:\/\/api.w.org\/{rel}","templated":true}]}}