{"id":8979,"date":"2012-03-24T01:18:42","date_gmt":"2012-03-24T06:18:42","guid":{"rendered":"http:\/\/www.imsalud.gov.co\/web\/la-gerencia-de-la-ese-imsalud-invita-a-los-servidores-publicos-a-la-marcha-del-perdon\/"},"modified":"2012-03-24T01:18:42","modified_gmt":"2012-03-24T06:18:42","slug":"la-gerencia-de-la-ese-imsalud-invita-a-los-servidores-publicos-a-la-marcha-del-perdon","status":"publish","type":"post","link":"https:\/\/www.imsalud.gov.co\/web\/uncategorised\/la-gerencia-de-la-ese-imsalud-invita-a-los-servidores-publicos-a-la-marcha-del-perdon\/","title":{"rendered":"La gerencia de la ESE IMSALUD invita a los servidores p\u00fablicos a \u201cla marcha del perd\u00f3n\u201d"},"content":{"rendered":"<p>Marzo\/23\/12. De acuerdo al oficio enviado por la di\u00f3cesis de C\u00facuta, la gerencia de la ESE IMSALUD informa que el d\u00eda viernes 23 de marzo del 2012 se realizar\u00e1 la \u201c marcha del perd\u00f3n\u201d , para lo cual nos invitaron a participar de esta actividad. <\/p>\n<p>Fecha: 23 de marzo.&nbsp;&nbsp;&nbsp;&nbsp;&nbsp;&nbsp; Hora: 7:00 Pm<\/p>\n<p>Punto de encuentro: av. libertadores cruce calle 18, frente al karaoke.<\/p>\n<p>Recorrido: Desde el parque san Rafael av.1 calle 23 hasta el patinodromo de la libertadores.<\/p>\n<p>&nbsp;Es importante contar con la presencia de todos.<\/p>\n","protected":false},"excerpt":{"rendered":"<p>Marzo\/23\/12. De acuerdo al oficio enviado por la di\u00f3cesis de C\u00facuta, la gerencia de la ESE IMSALUD informa que el d\u00eda viernes 23 de marzo del 2012 se realizar\u00e1 la [&#8230;]\n","protected":false},"author":19,"featured_media":0,"comment_status":"open","ping_status":"open","sticky":false,"template":"","format":"standard","meta":{"footnotes":""},"categories":[366],"tags":[],"class_list":["post-8979","post","type-post","status-publish","format-standard","hentry","category-uncategorised"],"_links":{"self":[{"href":"https:\/\/www.imsalud.gov.co\/web\/wp-json\/wp\/v2\/posts\/8979","targetHints":{"allow":["GET"]}}],"collection":[{"href":"https:\/\/www.imsalud.gov.co\/web\/wp-json\/wp\/v2\/posts"}],"about":[{"href":"https:\/\/www.imsalud.gov.co\/web\/wp-json\/wp\/v2\/types\/post"}],"author":[{"embeddable":true,"href":"https:\/\/www.imsalud.gov.co\/web\/wp-json\/wp\/v2\/users\/19"}],"replies":[{"embeddable":true,"href":"https:\/\/www.imsalud.gov.co\/web\/wp-json\/wp\/v2\/comments?post=8979"}],"version-history":[{"count":0,"href":"https:\/\/www.imsalud.gov.co\/web\/wp-json\/wp\/v2\/posts\/8979\/revisions"}],"wp:attachment":[{"href":"https:\/\/www.imsalud.gov.co\/web\/wp-json\/wp\/v2\/media?parent=8979"}],"wp:term":[{"taxonomy":"category","embeddable":true,"href":"https:\/\/www.imsalud.gov.co\/web\/wp-json\/wp\/v2\/categories?post=8979"},{"taxonomy":"post_tag","embeddable":true,"href":"https:\/\/www.imsalud.gov.co\/web\/wp-json\/wp\/v2\/tags?post=8979"}],"curies":[{"name":"wp","href":"https:\/\/api.w.org\/{rel}","templated":true}]}}