{"id":8960,"date":"2011-06-06T22:06:22","date_gmt":"2011-06-07T03:06:22","guid":{"rendered":"http:\/\/www.imsalud.gov.co\/web\/mejoramiento-continuo-de-la-e-s-e-imsalud-anuncia-nuevo-gerente-encargado\/"},"modified":"2020-09-26T12:19:03","modified_gmt":"2020-09-26T17:19:03","slug":"mejoramiento-continuo-de-la-e-s-e-imsalud-anuncia-nuevo-gerente-encargado","status":"publish","type":"post","link":"https:\/\/www.imsalud.gov.co\/web\/sala-de-prensa\/ultimas-noticias\/mejoramiento-continuo-de-la-e-s-e-imsalud-anuncia-nuevo-gerente-encargado\/","title":{"rendered":"MEJORAMIENTO CONTINUO DE LA E.S.E IMSALUD ANUNCIA NUEVO GERENTE ENCARGADO"},"content":{"rendered":"<p>\u00a0<\/p>\n<p> <img loading=\"lazy\" decoding=\"async\" height=\"205\" width=\"215\" src=\"descargas\/williamvesga.jpg\" style=\"float: right;\" \/>Continuar adelante con las pol\u00edticas trazadas por la alcaldesa de C\u00facuta Mar\u00eda Eugenia Riascos, en la optimizaci\u00f3n de los servicios que presta la Empresa social del Estado IMSALUD,\u00a0 <!--more--> \u00a0 ser\u00e1\u00a0 una de las principales acciones que emprender\u00e1\u00a0 el\u00a0 nuevo gerente encargado de la instituci\u00f3n,\u00a0 William\u00a0 Vesga Jaimes. <\/p>\n<div><\/div>\n<p>Con 17 a\u00f1os de experiencia en la E.S.E IMSALUD, Vesga Jaimes se ha desempe\u00f1ado \u00a0como medico de Planta,\u00a0 jefe de la oficina de promoci\u00f3n y prevenci\u00f3n Y subgerente de Atenci\u00f3n en Salud, cargo que venia ocupando en los \u00faltimos meses.\u00a0<\/p>\n<p>Fue nombrado en calidad de encargado por la mandataria Local mediante resoluci\u00f3n 250 del 27 de mayo del presente en reemplazo del ingeniero\u00a0 Industrial Tubalcail Contreras.<\/p>\n<p>Satisfecho por su nombramiento aseguro que su \u00fanica preocupaci\u00f3n en estos momentos\u00a0 es la seguir trabajando en el fortalecimiento de la Empresa con el fin de poder superando algunas dificultades que se vienen presentando.<\/p>\n<p> Ahora este pendiente de la reuni\u00f3n la pr\u00f3xima semana de la junta directiva de la E.S.E IMSALUD que preside la alcaldesa Mar\u00eda Eugenia Riascos para tratar temas relacionados con el \u00a0manejo financiero y administrativo de la empresa Social del estado.<\/p>\n","protected":false},"excerpt":{"rendered":"<p>\u00a0 Continuar adelante con las pol\u00edticas trazadas por la alcaldesa de C\u00facuta Mar\u00eda Eugenia Riascos, en la optimizaci\u00f3n de los servicios que presta la Empresa social del Estado IMSALUD,\u00a0<\/p>\n","protected":false},"author":19,"featured_media":0,"comment_status":"open","ping_status":"open","sticky":false,"template":"","format":"standard","meta":{"footnotes":""},"categories":[74,366],"tags":[],"class_list":["post-8960","post","type-post","status-publish","format-standard","hentry","category-ultimas-noticias","category-uncategorised"],"_links":{"self":[{"href":"https:\/\/www.imsalud.gov.co\/web\/wp-json\/wp\/v2\/posts\/8960","targetHints":{"allow":["GET"]}}],"collection":[{"href":"https:\/\/www.imsalud.gov.co\/web\/wp-json\/wp\/v2\/posts"}],"about":[{"href":"https:\/\/www.imsalud.gov.co\/web\/wp-json\/wp\/v2\/types\/post"}],"author":[{"embeddable":true,"href":"https:\/\/www.imsalud.gov.co\/web\/wp-json\/wp\/v2\/users\/19"}],"replies":[{"embeddable":true,"href":"https:\/\/www.imsalud.gov.co\/web\/wp-json\/wp\/v2\/comments?post=8960"}],"version-history":[{"count":1,"href":"https:\/\/www.imsalud.gov.co\/web\/wp-json\/wp\/v2\/posts\/8960\/revisions"}],"predecessor-version":[{"id":30508,"href":"https:\/\/www.imsalud.gov.co\/web\/wp-json\/wp\/v2\/posts\/8960\/revisions\/30508"}],"wp:attachment":[{"href":"https:\/\/www.imsalud.gov.co\/web\/wp-json\/wp\/v2\/media?parent=8960"}],"wp:term":[{"taxonomy":"category","embeddable":true,"href":"https:\/\/www.imsalud.gov.co\/web\/wp-json\/wp\/v2\/categories?post=8960"},{"taxonomy":"post_tag","embeddable":true,"href":"https:\/\/www.imsalud.gov.co\/web\/wp-json\/wp\/v2\/tags?post=8960"}],"curies":[{"name":"wp","href":"https:\/\/api.w.org\/{rel}","templated":true}]}}