{"id":8921,"date":"2009-08-01T05:00:00","date_gmt":"2009-08-01T10:00:00","guid":{"rendered":"http:\/\/www.imsalud.gov.co\/web\/organigrama\/"},"modified":"2025-10-14T15:41:06","modified_gmt":"2025-10-14T20:41:06","slug":"organigrama","status":"publish","type":"post","link":"https:\/\/www.imsalud.gov.co\/web\/nosotros\/organigrama\/","title":{"rendered":"Organigrama"},"content":{"rendered":"\n<p>\u00a0<\/p>\n<p><img loading=\"lazy\" decoding=\"async\" class=\" size-full wp-image-8920\" src=\"https:\/\/www.imsalud.gov.co\/web\/wp-content\/uploads\/2025\/10\/Organigrama-Acuerdo-087.jpeg\" alt=\"\" width=\"1000\" height=\"500\" \/><\/p>\n\n<table id=\"tablepress-64\" class=\"tablepress tablepress-id-64\">\n<thead>\n<tr class=\"row-1\">\n\t<th class=\"column-1\">Oficina<\/th><th class=\"column-2\">Descripci\u00f3n<\/th><th class=\"column-3\">Responsable<\/th><th class=\"column-4\">Extensi\u00f3n<\/th><th class=\"column-5\">Correo electr\u00f3nico<\/th>\n<\/tr>\n<\/thead>\n<tbody class=\"row-striping row-hover\">\n<tr class=\"row-2\">\n\t<td class=\"column-1\">Gerencia<\/td><td class=\"column-2\"><\/td><td class=\"column-3\">Javier Orlando Prieto Pe\u00f1a<\/td><td class=\"column-4\">240<\/td><td class=\"column-5\">gerencia@imsalud.gov.co<\/td>\n<\/tr>\n<tr class=\"row-3\">\n\t<td class=\"column-1\">Control Interno<\/td><td class=\"column-2\">La Oficina de Control Interno de Gesti\u00f3n de la Empresa Social del Estado E.S.E. IMSALUD, tiene como Misi\u00f3n  \u201cdefinir y evaluar en forma independiente y coordinada el Sistema de Control Interno, en las \u00e1reas misionales y de apoyo, constatando que cada una de las actividades cumplan con los par\u00e1metros de eficiencia, eficacia y econom\u00eda, encaminando sus esfuerzos hacia el logro de la calidad total en la gesti\u00f3n de la administraci\u00f3n y teniendo como instrumento b\u00e1sico, la creaci\u00f3n y fortalecimiento del AUOCONTROL.\u201d<\/td><td class=\"column-3\">Alvaro Becerra Florez<\/td><td class=\"column-4\">222<\/td><td class=\"column-5\">controlinterno@imsalud.gov.co<\/td>\n<\/tr>\n<tr class=\"row-4\">\n\t<td class=\"column-1\">Revisor Fiscal<\/td><td class=\"column-2\"><\/td><td class=\"column-3\">Jorge Andr\u00e9s Carrillo Lozano<\/td><td class=\"column-4\">201<\/td><td class=\"column-5\">revisoriafiscal@imsalud.gov.co<\/td>\n<\/tr>\n<tr class=\"row-5\">\n\t<td class=\"column-1\">Planeaci\u00f3n y Calidad<\/td><td class=\"column-2\"><\/td><td class=\"column-3\">Clara Yamile Cuadros Castillo<\/td><td class=\"column-4\">229<\/td><td class=\"column-5\">planeacion@imsalud.gov.co<\/td>\n<\/tr>\n<tr class=\"row-6\">\n\t<td class=\"column-1\">Subgerencia administrativa y financiera<\/td><td class=\"column-2\">Su Objetivo es Ejecutar labores profesionales en Administraci\u00f3n relacionadas con la Planeaci\u00f3n, Organizaci\u00f3n, Coordinaci\u00f3n, Evaluaci\u00f3n y Control del recurso humano, f\u00edsico y financiero de la E.S.E. IMSALUD.<br \/>\n<br \/>\nA su vez Garantizar el equilibrio econ\u00f3mico  y financiero, formalizar los planes de adquisiciones y de administraci\u00f3n de bienes y servicios contratados y definir los lineamientos para que el factor humano tenga un desarrollo personal y laboral acorde con el crecimiento organizacional.<\/td><td class=\"column-3\">Adolfo Isauro Yango Jos\u00e9 Rodr\u00edguez Beltr\u00e1n<\/td><td class=\"column-4\">210<\/td><td class=\"column-5\">Subfinanciera@imsalud.gov.co<\/td>\n<\/tr>\n<tr class=\"row-7\">\n\t<td class=\"column-1\">Subgerencia atenci\u00f3n en salud<\/td><td class=\"column-2\">Su Objetivo es Garantizar el funcionamiento operativo de las IPS de la red de la ESE IMSALUD para prestar servicios de bajo nivel de complejidad a la poblaci\u00f3n subsidiada, contributiva, pobre y vulnerable no asegurada y de ley 387 del Municipio de San Jos\u00e9 de C\u00facuta,  en \u00f3ptimas condiciones cumpliendo con las normas t\u00e9cnicas dentro del sistema obligatorio de garant\u00eda de salud y el modelo est\u00e1ndar de control interno.<\/td><td class=\"column-3\">Soriana Mar\u00eda Tejeda Jim\u00e9nez<\/td><td class=\"column-4\">220<\/td><td class=\"column-5\">subatencionsalud@imsalud.gov.co<\/td>\n<\/tr>\n<tr class=\"row-8\">\n\t<td class=\"column-1\">Presupuesto y contabilidad<\/td><td class=\"column-2\">Planea integral y sistem\u00e1ticamente todas las actividades de la Instituci\u00f3n que debe desarrollar en un periodo determinado; ejerciendo control con el fin de medir los resultados cuantitativos y cualitativos, as\u00ed como, coordinar entre los diferentes centros de costo para que se asegure la marcha de la empresa en forma integral, proporcionando informaci\u00f3n oportuna y confiable a la Alta Gerencia de la Instituci\u00f3n.<\/td><td class=\"column-3\">Martin Giovanni Ramirez Jauregui<\/td><td class=\"column-4\">216<\/td><td class=\"column-5\">presupuesto@imsalud.gov.co<\/td>\n<\/tr>\n<tr class=\"row-9\">\n\t<td class=\"column-1\">Administraci\u00f3n laboral<\/td><td class=\"column-2\">En la actualidad la organizaci\u00f3n interna de cualquier empresa, es un punto muy importante para el \u00e9xito de la misma, pues de dicha organizaci\u00f3n, salen a flote todas sus fortalezas y al mismo tiempo sus debilidades; es por ello que el factor humano ha tomado un papel determinante dentro de una organizaci\u00f3n, por lo tanto la Oficina de Administraci\u00f3n Laboral controla, dirige y coordina a todos y cada uno de los empleados en la empresa, con el fin de que el trabajo desarrollado por ellos, sea \u00f3ptimo y de alta calidad.<\/td><td class=\"column-3\">Andrea Juliana Porras Navas<\/td><td class=\"column-4\">231<\/td><td class=\"column-5\">personal@imsalud.gov.co<\/td>\n<\/tr>\n<tr class=\"row-10\">\n\t<td class=\"column-1\">Servicios Generales<\/td><td class=\"column-2\">Define los mecanismos necesarios para el aprovisionamiento de los recursos requeridos para el desarrollo de las actividades de la entidad, de tal forma que se adquieran oportunamente, sin que se genere escasez o sobre almacenamiento de existencias; as\u00ed como, mantener actualizado el inventario de bienes muebles e inmuebles y generar los mecanismos necesarios para la conservaci\u00f3n de los bienes de la E.S.E. IMSALUD.<\/td><td class=\"column-3\">Martha Lucia Burbano Rodr\u00edguez<\/td><td class=\"column-4\">202<\/td><td class=\"column-5\">suministros@imsalud.gov.co<\/td>\n<\/tr>\n<tr class=\"row-11\">\n\t<td class=\"column-1\">Almac\u00e9n<\/td><td class=\"column-2\">Define las variables para ajustar el plan de adquisiciones de acuerdo con los consumos hist\u00f3ricos y el an\u00e1lisis de los consumos reales, en correspondencia con el plan de inversiones; registrando, custodiando y distribuyendo los bienes de consumo de forma satisfactoria y oportuna a todas las unidades que conforman la E. S. E. IMSALUD.<\/td><td class=\"column-3\">Yomaira Cordero Largo<\/td><td class=\"column-4\">228<\/td><td class=\"column-5\">almacen@imsalud.gov.co<\/td>\n<\/tr>\n<tr class=\"row-12\">\n\t<td class=\"column-1\">Droguer\u00eda<\/td><td class=\"column-2\">Con el fin de dar cumplimiento a la norma, espec\u00edficamente el decreto 2200 de 2005, exige que Los prestadores de Servicios de Salud, en pro del mejoramiento de la calidad de los  servicios farmac\u00e9uticos apliquen los procesos propios de dispensaci\u00f3n, almacenamiento, distribuci\u00f3n de medicamentos y dispositivos m\u00e9dicos.<\/td><td class=\"column-3\">Maria Camila Sepulveda Garcia<\/td><td class=\"column-4\">233<\/td><td class=\"column-5\">farmacia@imsalud.gov.co<\/td>\n<\/tr>\n<tr class=\"row-13\">\n\t<td class=\"column-1\">Promoci\u00f3n y prevenci\u00f3n<\/td><td class=\"column-2\">Direcciona y coordina acciones de promoci\u00f3n y prevenci\u00f3n de la salud, de estilo de vida saludable, prevenci\u00f3n espec\u00edfica de la enfermedad y vigilancia epidemiol\u00f3gica de acuerdo con los requerimientos detectados y manteniendo los est\u00e1ndares definidos para la prestaci\u00f3n de los servicios a la comunidad en general.<\/td><td class=\"column-3\">Vahan Suren Aboudjian Santos<\/td><td class=\"column-4\">208<\/td><td class=\"column-5\">pyp@imsalud.gov.co<\/td>\n<\/tr>\n<tr class=\"row-14\">\n\t<td class=\"column-1\">Atenci\u00f3n al usuario<\/td><td class=\"column-2\">Consolida los v\u00ednculos entre la E.S.E IMSALUD y la comunidad, a trav\u00e9s de la caracterizaci\u00f3n de los grupos, la ubicaci\u00f3n de los l\u00edderes comunitarios y la definici\u00f3n de actividades de participaci\u00f3n comunitaria, con el fin de mejorar la prestaci\u00f3n del servicio tomando como fuente la informaci\u00f3n del usuario mediante peticiones, quejas, reclamos, sugerencias y felicitaciones, haciendo uso de sus derechos y deberes.<\/td><td class=\"column-3\">Yurley Amparo Duarte Duarte<\/td><td class=\"column-4\">237<\/td><td class=\"column-5\">siau@imsalud.gov.co<\/td>\n<\/tr>\n<tr class=\"row-15\">\n\t<td class=\"column-1\">Informaci\u00f3n sistemas y procesos<\/td><td class=\"column-2\">Sus Objetivos son:<br \/>\n<br \/>\nAsesorar t\u00e9cnica y administrativamente al Gerente en el dise\u00f1o e implementaci\u00f3n de las normas y procedimientos a utilizar en las diversas etapas del ciclo de vida de los sistemas de informaci\u00f3n, adquisici\u00f3n, ampliaci\u00f3n o renovaci\u00f3n de equipos de computaci\u00f3n, redes y comunicaci\u00f3n de la E.S.E. IMSALUD.<br \/>\n<br \/>\nRealizar labores de planeaci\u00f3n, desarrollo, normatizaci\u00f3n y mantenimiento de los sistemas de informaci\u00f3n o computaci\u00f3n.<br \/>\n<br \/>\nParticipar y coordinar la elaboraci\u00f3n de estudios de factibilidad y viabilidad del desarrollo de los componentes o modelos de los sistemas de informaci\u00f3n requeridos por los funcionarios.<br \/>\n<br \/>\nInvestigar y desarrollar nuevas t\u00e9cnicas y metodolog\u00edas a utilizar para lograr eficiencia en los procesos y uso de los equipos.<br \/>\n<br \/>\nRealizar labores de capacitaci\u00f3n, asesor\u00eda y supervisi\u00f3n sobre el funcionamiento y administraci\u00f3n del sistema de informaci\u00f3n, metodolog\u00edas de an\u00e1lisis y dise\u00f1o de sistemas.<br \/>\n<br \/>\nElaborar, proponer y adecuar la adopci\u00f3n de normas para el control y administraci\u00f3n de la base de datos de la E.S.E.<br \/>\n<br \/>\nProcurar la realizaci\u00f3n de operaciones nuevas o modificadas sobre la base de datos, haciendo las pruebas respectivas y responder por su permanente actualizaci\u00f3n.<\/td><td class=\"column-3\">Lucas Augusto Liendo Romero<\/td><td class=\"column-4\">203<\/td><td class=\"column-5\">sistemas@imsalud.gov.co<\/td>\n<\/tr>\n<\/tbody>\n<\/table>\n<!-- #tablepress-64 from cache -->\n<p>\u00a0<\/p>\n\n\n","protected":false},"excerpt":{"rendered":"","protected":false},"author":19,"featured_media":0,"comment_status":"open","ping_status":"open","sticky":false,"template":"","format":"standard","meta":{"footnotes":""},"categories":[370],"tags":[],"class_list":["post-8921","post","type-post","status-publish","format-standard","hentry","category-nosotros"],"_links":{"self":[{"href":"https:\/\/www.imsalud.gov.co\/web\/wp-json\/wp\/v2\/posts\/8921","targetHints":{"allow":["GET"]}}],"collection":[{"href":"https:\/\/www.imsalud.gov.co\/web\/wp-json\/wp\/v2\/posts"}],"about":[{"href":"https:\/\/www.imsalud.gov.co\/web\/wp-json\/wp\/v2\/types\/post"}],"author":[{"embeddable":true,"href":"https:\/\/www.imsalud.gov.co\/web\/wp-json\/wp\/v2\/users\/19"}],"replies":[{"embeddable":true,"href":"https:\/\/www.imsalud.gov.co\/web\/wp-json\/wp\/v2\/comments?post=8921"}],"version-history":[{"count":10,"href":"https:\/\/www.imsalud.gov.co\/web\/wp-json\/wp\/v2\/posts\/8921\/revisions"}],"predecessor-version":[{"id":112262,"href":"https:\/\/www.imsalud.gov.co\/web\/wp-json\/wp\/v2\/posts\/8921\/revisions\/112262"}],"wp:attachment":[{"href":"https:\/\/www.imsalud.gov.co\/web\/wp-json\/wp\/v2\/media?parent=8921"}],"wp:term":[{"taxonomy":"category","embeddable":true,"href":"https:\/\/www.imsalud.gov.co\/web\/wp-json\/wp\/v2\/categories?post=8921"},{"taxonomy":"post_tag","embeddable":true,"href":"https:\/\/www.imsalud.gov.co\/web\/wp-json\/wp\/v2\/tags?post=8921"}],"curies":[{"name":"wp","href":"https:\/\/api.w.org\/{rel}","templated":true}]}}