{"id":8900,"date":"2011-09-21T15:43:33","date_gmt":"2011-09-21T20:43:33","guid":{"rendered":"http:\/\/www.imsalud.gov.co\/web\/prevencion-del-sarampion-en-cucuta\/"},"modified":"2011-09-21T15:43:33","modified_gmt":"2011-09-21T20:43:33","slug":"prevencion-del-sarampion-en-cucuta","status":"publish","type":"post","link":"https:\/\/www.imsalud.gov.co\/web\/uncategorised\/prevencion-del-sarampion-en-cucuta\/","title":{"rendered":"PREVENCI\u00d3N DEL  SARAMPI\u00d3N EN C\u00daCUTA"},"content":{"rendered":"<p style=\"text-align: justify;\"><img loading=\"lazy\" decoding=\"async\" src=\"images\/stories\/Saranpin-300x225.jpg\" width=\"300\" height=\"225\" alt=\"Saranpin-300x225\" style=\"float: left;\" \/>Atendiendo &nbsp;orientaciones del Ministerio de la &nbsp;protecci\u00f3n Social &nbsp;por la aparici\u00f3n de ocho casos confirmados de Sarampi\u00f3n en la ciudad de Barranquilla, La Empresa Social Del Estado IMSALUD, activo &nbsp;el Plan de Contingencia para evitar el contagio de la enfermedad en C\u00facuta.<\/p>\n<p style=\"text-align: justify;\">La Estrategia de prevenci\u00f3n del Sarampi\u00f3n &nbsp;tiene dentro de sus objetivos la b\u00fasqueda activa de pacientes febriles y eruptivos que puedan significar sospecha de la enfermedad con el fin de hacer un diagnostico preciso de la enfermedad &nbsp;y notificar de forma inmediata al Instituto Departamental de Salud.<br \/>Igualmente se har\u00e1 una verificaci\u00f3n de la toma de muestras para la vigilancia en salud P\u00fablica de los casos sospechosos, explico el Medico Wifred Quintana Subgerente &nbsp;encargado de la &nbsp;E.S.E IMSALUD.<\/p>\n<p style=\"text-align: justify;\">El plan &nbsp;De Contingencia se aplicara en las seis Unidades B\u00e1sicas y 38 IPS p\u00fablicas que conforman la red de Atenci\u00f3n de baja complejidad del Municipio tanto en la zona rural como urbana.<\/p>\n<p style=\"text-align: justify;\">En todas estas Instituciones prestadoras de servicios, deber\u00e1 hacerse una notificaci\u00f3n diaria y semanal de casos sospechosos &nbsp;de Sarampi\u00f3n a trav\u00e9s de un informe de notificaci\u00f3n que deber\u00e1 ser reportado a la divisi\u00f3n de vigilancia en Salud &nbsp;Publica de &nbsp; la &nbsp;empresa.<\/p>\n<p style=\"text-align: justify;\">Adem\u00e1s de la b\u00fasqueda de pacientes con &nbsp;s\u00edntomas de alarma &nbsp;de la enfermedad, IMSALUD &nbsp;realizara igualmente una campa\u00f1a educativa dirigida a la comunidad sobre &nbsp;la prevenci\u00f3n y vigilancia del Sarampi\u00f3n y Rub\u00e8ola en las diferentes comunas de C\u00facuta.<\/p>\n","protected":false},"excerpt":{"rendered":"<p>Atendiendo &nbsp;orientaciones del Ministerio de la &nbsp;protecci\u00f3n Social &nbsp;por la aparici\u00f3n de ocho casos confirmados de Sarampi\u00f3n en la ciudad de Barranquilla, La Empresa Social Del Estado IMSALUD, activo &nbsp;el [&#8230;]\n","protected":false},"author":19,"featured_media":0,"comment_status":"open","ping_status":"open","sticky":false,"template":"","format":"standard","meta":{"footnotes":""},"categories":[366],"tags":[],"class_list":["post-8900","post","type-post","status-publish","format-standard","hentry","category-uncategorised"],"_links":{"self":[{"href":"https:\/\/www.imsalud.gov.co\/web\/wp-json\/wp\/v2\/posts\/8900","targetHints":{"allow":["GET"]}}],"collection":[{"href":"https:\/\/www.imsalud.gov.co\/web\/wp-json\/wp\/v2\/posts"}],"about":[{"href":"https:\/\/www.imsalud.gov.co\/web\/wp-json\/wp\/v2\/types\/post"}],"author":[{"embeddable":true,"href":"https:\/\/www.imsalud.gov.co\/web\/wp-json\/wp\/v2\/users\/19"}],"replies":[{"embeddable":true,"href":"https:\/\/www.imsalud.gov.co\/web\/wp-json\/wp\/v2\/comments?post=8900"}],"version-history":[{"count":0,"href":"https:\/\/www.imsalud.gov.co\/web\/wp-json\/wp\/v2\/posts\/8900\/revisions"}],"wp:attachment":[{"href":"https:\/\/www.imsalud.gov.co\/web\/wp-json\/wp\/v2\/media?parent=8900"}],"wp:term":[{"taxonomy":"category","embeddable":true,"href":"https:\/\/www.imsalud.gov.co\/web\/wp-json\/wp\/v2\/categories?post=8900"},{"taxonomy":"post_tag","embeddable":true,"href":"https:\/\/www.imsalud.gov.co\/web\/wp-json\/wp\/v2\/tags?post=8900"}],"curies":[{"name":"wp","href":"https:\/\/api.w.org\/{rel}","templated":true}]}}