{"id":8835,"date":"2011-04-26T05:00:00","date_gmt":"2011-04-26T10:00:00","guid":{"rendered":"http:\/\/www.imsalud.gov.co\/web\/v-seminario-capacitacion-de-usuarios-de-baja-complejidad-de-atencion-en-u-b-c\/"},"modified":"2011-04-26T05:00:00","modified_gmt":"2011-04-26T10:00:00","slug":"v-seminario-capacitacion-de-usuarios-de-baja-complejidad-de-atencion-en-u-b-c","status":"publish","type":"post","link":"https:\/\/www.imsalud.gov.co\/web\/nosotros\/dependencias\/siau\/siau-noticias\/v-seminario-capacitacion-de-usuarios-de-baja-complejidad-de-atencion-en-u-b-c\/","title":{"rendered":"Capacitaci\u00f3n de Baja complejidad de Atenci\u00f3n en U.B.C"},"content":{"rendered":"<p><img loading=\"lazy\" decoding=\"async\" class=\" size-full wp-image-8834\" src=\"http:\/\/www.imsalud.gov.co\/web\/wp-content\/uploads\/2011\/04\/de86de6dd0ff42518b92ff340c3ce04a.jpg\" alt=\"\" width=\"300\" height=\"300\" srcset=\"https:\/\/www.imsalud.gov.co\/web\/wp-content\/uploads\/2011\/04\/de86de6dd0ff42518b92ff340c3ce04a.jpg 300w, https:\/\/www.imsalud.gov.co\/web\/wp-content\/uploads\/2011\/04\/de86de6dd0ff42518b92ff340c3ce04a-150x150.jpg 150w\" sizes=\"auto, (max-width: 300px) 100vw, 300px\" \/><\/p>\n<p><span style=\"font-size: 8pt;\">En el auditorio de la unidad b\u00e1sica de comuneros, la Empresa Social del estado IMSALUD realizo con \u00e9xito y gran receptividad por parte de todos sus usuarios el Foro de baja complejidad de atenci\u00f3n B\u00e1sica de la E.S.E IMSALUD.<\/span><\/p>\n<p><span style=\"font-size: 8pt;\">En la jornada presidida por el gerente de la Empresa Social del estado IMSALUD Tubalcail Contreras torrado y el jefe de la oficina de administraci\u00f3n laboral Oscar Mario Palacios se desarrollaron temas relacionados con el portafolio de servicios de la E.S.E, el plan obligatorio de salud subsidiado del nivel 1,funciones,deberes y derechos de los usuarios.<\/span><\/p>\n<p><span style=\"font-size: 8pt;\">OFICINA DE PRENSA Y COMUNICACIONES IMSALUD.<\/span><\/p>\n<p><span style=\"font-size: 8pt;\"><\/span><\/p>\n","protected":false},"excerpt":{"rendered":"<p>En el auditorio de la unidad b\u00e1sica de comuneros, la Empresa Social del estado IMSALUD realizo con \u00e9xito y gran receptividad por parte de todos sus usuarios el Foro de [&#8230;]\n","protected":false},"author":19,"featured_media":8834,"comment_status":"open","ping_status":"open","sticky":false,"template":"","format":"standard","meta":{"footnotes":""},"categories":[383],"tags":[],"class_list":["post-8835","post","type-post","status-publish","format-standard","has-post-thumbnail","hentry","category-siau-noticias"],"_links":{"self":[{"href":"https:\/\/www.imsalud.gov.co\/web\/wp-json\/wp\/v2\/posts\/8835","targetHints":{"allow":["GET"]}}],"collection":[{"href":"https:\/\/www.imsalud.gov.co\/web\/wp-json\/wp\/v2\/posts"}],"about":[{"href":"https:\/\/www.imsalud.gov.co\/web\/wp-json\/wp\/v2\/types\/post"}],"author":[{"embeddable":true,"href":"https:\/\/www.imsalud.gov.co\/web\/wp-json\/wp\/v2\/users\/19"}],"replies":[{"embeddable":true,"href":"https:\/\/www.imsalud.gov.co\/web\/wp-json\/wp\/v2\/comments?post=8835"}],"version-history":[{"count":0,"href":"https:\/\/www.imsalud.gov.co\/web\/wp-json\/wp\/v2\/posts\/8835\/revisions"}],"wp:featuredmedia":[{"embeddable":true,"href":"https:\/\/www.imsalud.gov.co\/web\/wp-json\/wp\/v2\/media\/8834"}],"wp:attachment":[{"href":"https:\/\/www.imsalud.gov.co\/web\/wp-json\/wp\/v2\/media?parent=8835"}],"wp:term":[{"taxonomy":"category","embeddable":true,"href":"https:\/\/www.imsalud.gov.co\/web\/wp-json\/wp\/v2\/categories?post=8835"},{"taxonomy":"post_tag","embeddable":true,"href":"https:\/\/www.imsalud.gov.co\/web\/wp-json\/wp\/v2\/tags?post=8835"}],"curies":[{"name":"wp","href":"https:\/\/api.w.org\/{rel}","templated":true}]}}