{"id":8833,"date":"2011-06-23T23:31:53","date_gmt":"2011-06-24T04:31:53","guid":{"rendered":"http:\/\/www.imsalud.gov.co\/web\/vacuna-antigripal-en-ips-y-unidades-basicas-de-cucuta\/"},"modified":"2020-09-26T12:19:06","modified_gmt":"2020-09-26T17:19:06","slug":"vacuna-antigripal-en-ips-y-unidades-basicas-de-cucuta","status":"publish","type":"post","link":"https:\/\/www.imsalud.gov.co\/web\/sala-de-prensa\/ultimas-noticias\/vacuna-antigripal-en-ips-y-unidades-basicas-de-cucuta\/","title":{"rendered":"VACUNA ANTIGRIPAL EN IPS Y UNIDADES BASICAS DE CUCUTA"},"content":{"rendered":"<p style=\"text-align: justify;\"><img loading=\"lazy\" decoding=\"async\" src=\"images\/stories\/006.jpg\" width=\"240\" height=\"177\" alt=\"006\" style=\"float: left;\" \/>La divisi\u00f3n de promoci\u00f3n y prevenci\u00f3n De la Empresa Social Del Estado IMSALUD encargada de atender la red p\u00fablica hospitalaria de baja complejidad del Municipio, confirmo que la vacunaci\u00f3n contra el virus de la influenza se  sigue realizando en las Unidades b\u00e1sicas e IPS del sector rural y urbano de la ciudad.<\/p>\n<p> <!--more--> <\/p>\n<p style=\"text-align: justify;\">Clara Pabon, coordinadora del programa de Inmunizaci\u00f3n de la E.S.E IMSALUD solicito a los padres de familia llevar a sus hijos  de 1 a 3 a\u00f1os a vacunar  a su IPS m\u00e1s cercana.<\/p>\n<p style=\"text-align: justify;\">Tambi\u00e9n podr\u00e1n hacerlo adultos mayores de 60 a\u00f1os damnificados por el invierno que aun no tengan su vacuna\u00a0 antigripal.<\/p>\n<p style=\"text-align: justify;\">Adem\u00e1s de la influenza, los ni\u00f1os que hayan nacido en el a\u00f1o 2010 recibir\u00e1n la vacuna contra el Neumococo presentando el registro civil.<\/p>\n<p style=\"text-align: justify;\">Aunque la programaci\u00f3n est\u00e1 dirigida a comunidades vulnerables del r\u00e9gimen subsidiado habr\u00e1 prioridad para los damnificados por el invierno especialmente los del Municipio de Gramalote.<\/p>\n<p style=\"text-align: justify;\">Es importante la aplicaci\u00f3n de esta vacuna, si se tiene en cuenta que con la temporada seca se presentan virus que ocasionan problemas respiratorios especialmente entre la poblaci\u00f3n infantil.<\/p>\n<p style=\"text-align: justify;\">Jefe de prensa.<\/p>\n<p style=\"text-align: justify;\">Claudia Sarmiento.<\/p>\n<p style=\"text-align: justify;\">\u00a0<\/p>\n<p><\/p>\n","protected":false},"excerpt":{"rendered":"<p>La divisi\u00f3n de promoci\u00f3n y prevenci\u00f3n De la Empresa Social Del Estado IMSALUD encargada de atender la red p\u00fablica hospitalaria de baja complejidad del Municipio, confirmo que la vacunaci\u00f3n contra [&#8230;]\n","protected":false},"author":19,"featured_media":0,"comment_status":"open","ping_status":"open","sticky":false,"template":"","format":"standard","meta":{"footnotes":""},"categories":[74,366],"tags":[],"class_list":["post-8833","post","type-post","status-publish","format-standard","hentry","category-ultimas-noticias","category-uncategorised"],"_links":{"self":[{"href":"https:\/\/www.imsalud.gov.co\/web\/wp-json\/wp\/v2\/posts\/8833","targetHints":{"allow":["GET"]}}],"collection":[{"href":"https:\/\/www.imsalud.gov.co\/web\/wp-json\/wp\/v2\/posts"}],"about":[{"href":"https:\/\/www.imsalud.gov.co\/web\/wp-json\/wp\/v2\/types\/post"}],"author":[{"embeddable":true,"href":"https:\/\/www.imsalud.gov.co\/web\/wp-json\/wp\/v2\/users\/19"}],"replies":[{"embeddable":true,"href":"https:\/\/www.imsalud.gov.co\/web\/wp-json\/wp\/v2\/comments?post=8833"}],"version-history":[{"count":1,"href":"https:\/\/www.imsalud.gov.co\/web\/wp-json\/wp\/v2\/posts\/8833\/revisions"}],"predecessor-version":[{"id":30511,"href":"https:\/\/www.imsalud.gov.co\/web\/wp-json\/wp\/v2\/posts\/8833\/revisions\/30511"}],"wp:attachment":[{"href":"https:\/\/www.imsalud.gov.co\/web\/wp-json\/wp\/v2\/media?parent=8833"}],"wp:term":[{"taxonomy":"category","embeddable":true,"href":"https:\/\/www.imsalud.gov.co\/web\/wp-json\/wp\/v2\/categories?post=8833"},{"taxonomy":"post_tag","embeddable":true,"href":"https:\/\/www.imsalud.gov.co\/web\/wp-json\/wp\/v2\/tags?post=8833"}],"curies":[{"name":"wp","href":"https:\/\/api.w.org\/{rel}","templated":true}]}}