{"id":8832,"date":"2011-06-29T21:14:48","date_gmt":"2011-06-30T02:14:48","guid":{"rendered":"http:\/\/www.imsalud.gov.co\/web\/vacunacion-en-la-comuna-9-de-cucuta\/"},"modified":"2020-09-26T12:19:07","modified_gmt":"2020-09-26T17:19:07","slug":"vacunacion-en-la-comuna-9-de-cucuta","status":"publish","type":"post","link":"https:\/\/www.imsalud.gov.co\/web\/sala-de-prensa\/ultimas-noticias\/vacunacion-en-la-comuna-9-de-cucuta\/","title":{"rendered":"Vacunaci\u00f3n en la comuna 9 de C\u00facuta"},"content":{"rendered":"<p><img loading=\"lazy\" decoding=\"async\" height=\"178\" width=\"240\" src=\"images\/stories\/005.jpg\" alt=\"005\" style=\"float: left;\" \/>Con el fin de actualizar los esquemas de vacunaci\u00f3n exigidos por el gobierno Nacional en ni\u00f1os de 0 a 5 a\u00f1os, la Empresa Social del Estado IMSALUD viene realizando barridos de vacunaci\u00f3n en comunidades de estratos 1 y 2 de la ciudad de C\u00facuta. <!--more--> <\/p>\n<p style=\"text-align: justify;\">Clara Pab\u00f2n jefe de Vacunaci\u00f3n de la E.S.E IMSALUD explico que aprovechando el periodo de vacaciones escolares se vienen reforzando las visitas casa a casa en los barrios de la comuna Nueve.<\/p>\n<p style=\"text-align: justify;\">Seg\u00fan la programaci\u00f3n establecida por la oficina de promoci\u00f3n y prevenci\u00f3n de la entidad, la jornada se viene realizando En los barrios Bel\u00e9n y divina Pastora.<\/p>\n<p style=\"text-align: justify;\">Se recomienda a los padres de familia tener el carnet de vacunaci\u00f3n a la mano con el fin de facilitar el trabajo del personal de IMSALUD, encargado de realizar esta actividad para verificar la informaci\u00f3n.<\/p>\n<p style=\"text-align: justify;\">Este tipo de jornadas involucra igualmente a los adultos mayores de 60 a\u00f1os, damnificados por el invierno que requieran tambi\u00e9n la aplicaci\u00f3n de la Vacuna Antigripal y Neumococo para evitar enfermedades de tipo respiratorio.<\/p>\n<p style=\"text-align: justify;\">Adem\u00e1s de ampliar el esquema de vacunaci\u00f3n exigido por el Ministerio de la protecci\u00f3n Social, se busca igualmente Con estos Barridos evitar enfermedades irreversibles que se presentan en la infancia.<\/p>\n<p style=\"text-align: justify;\">Hasta este momento se han visitado los Barrios La libertad, Toledo Plata, Ca\u00f1o Lim\u00f3n y Alonsito entre otros.<\/p>\n","protected":false},"excerpt":{"rendered":"<p>Con el fin de actualizar los esquemas de vacunaci\u00f3n exigidos por el gobierno Nacional en ni\u00f1os de 0 a 5 a\u00f1os, la Empresa Social del Estado IMSALUD viene realizando barridos [&#8230;]\n","protected":false},"author":19,"featured_media":0,"comment_status":"open","ping_status":"open","sticky":false,"template":"","format":"standard","meta":{"footnotes":""},"categories":[74,366],"tags":[],"class_list":["post-8832","post","type-post","status-publish","format-standard","hentry","category-ultimas-noticias","category-uncategorised"],"_links":{"self":[{"href":"https:\/\/www.imsalud.gov.co\/web\/wp-json\/wp\/v2\/posts\/8832","targetHints":{"allow":["GET"]}}],"collection":[{"href":"https:\/\/www.imsalud.gov.co\/web\/wp-json\/wp\/v2\/posts"}],"about":[{"href":"https:\/\/www.imsalud.gov.co\/web\/wp-json\/wp\/v2\/types\/post"}],"author":[{"embeddable":true,"href":"https:\/\/www.imsalud.gov.co\/web\/wp-json\/wp\/v2\/users\/19"}],"replies":[{"embeddable":true,"href":"https:\/\/www.imsalud.gov.co\/web\/wp-json\/wp\/v2\/comments?post=8832"}],"version-history":[{"count":1,"href":"https:\/\/www.imsalud.gov.co\/web\/wp-json\/wp\/v2\/posts\/8832\/revisions"}],"predecessor-version":[{"id":30512,"href":"https:\/\/www.imsalud.gov.co\/web\/wp-json\/wp\/v2\/posts\/8832\/revisions\/30512"}],"wp:attachment":[{"href":"https:\/\/www.imsalud.gov.co\/web\/wp-json\/wp\/v2\/media?parent=8832"}],"wp:term":[{"taxonomy":"category","embeddable":true,"href":"https:\/\/www.imsalud.gov.co\/web\/wp-json\/wp\/v2\/categories?post=8832"},{"taxonomy":"post_tag","embeddable":true,"href":"https:\/\/www.imsalud.gov.co\/web\/wp-json\/wp\/v2\/tags?post=8832"}],"curies":[{"name":"wp","href":"https:\/\/api.w.org\/{rel}","templated":true}]}}