{"id":8720,"date":"2012-04-10T16:37:30","date_gmt":"2012-04-10T21:37:30","guid":{"rendered":"http:\/\/www.imsalud.gov.co\/web\/balance-de-actividades-de-pyp-en-la-ese-imsalud-marzo-2012\/"},"modified":"2012-04-10T16:37:30","modified_gmt":"2012-04-10T21:37:30","slug":"balance-de-actividades-de-pyp-en-la-ese-imsalud-marzo-2012","status":"publish","type":"post","link":"https:\/\/www.imsalud.gov.co\/web\/sala-de-prensa\/ultimas-noticias\/balance-de-actividades-de-pyp-en-la-ese-imsalud-marzo-2012\/","title":{"rendered":"Balance de Actividades de PYP en la ESE IMSALUD marzo 2012."},"content":{"rendered":"<p>BALANCE DE ACTIVIDADES PYP&nbsp; DE LA ESE IMSALUD DURANTE EL MES DE MARZO<\/p>\n<p><img loading=\"lazy\" decoding=\"async\" class=\" size-full wp-image-8719\" src=\"http:\/\/www.imsalud.gov.co\/web\/wp-content\/uploads\/2012\/04\/VACUNAABR812.jpg\" height=\"170\" width=\"209\" \/><\/p>\n<p>\u00a0<\/p>\n<p>Durante&nbsp; el mes de marzo en las&nbsp; diferentes&nbsp; IPS y Unidades b\u00e1sicas de la empresa social del estado ESE IMSALUD se desarrollaron diversas actividades a cargo de la oficina de prevenci\u00f3n y promoci\u00f3n de la entidad en&nbsp; los&nbsp; barrios de la ciudad.<br \/> <!--more--> <br \/>El equipo de vacunaci\u00f3n de promoci\u00f3n y prevenci\u00f3n se&nbsp; desplaz\u00f3 a las instituciones educativas presentes en el municipio a realizar la&nbsp; jornada de vacunaci\u00f3n&nbsp; contra el sarampi\u00f3n y la rubeola en los cuales se lleg\u00f3 a 118.269 dosis&nbsp; aplicadas.<\/p>\n<p>\u00a0<\/p>\n<p> La unidad&nbsp; m\u00f3vil de la ESE IMSALUD tuvo un cubrimiento de 22 sitios de diferentes zonas de la ciudad, en los cuales se hizo un cubrimiento de&nbsp; 946 pacientes por higiene oral y 449 de medicina preventiva. <\/p>\n<p>El personal administrativo de la ESE IMSALUD Asisti\u00f3 a los eventos&nbsp; que&nbsp; realizo el alcalde de C\u00facuta Donamaris Ram\u00edrez Paris, en donde se demostr\u00f3&nbsp; la puntualidad, disciplina y compromiso que&nbsp; se tiene con la ciudad.<\/p>\n<p>Informa:&nbsp; Linda Rozo Soto.<\/p>\n","protected":false},"excerpt":{"rendered":"<p>BALANCE DE ACTIVIDADES PYP&nbsp; DE LA ESE IMSALUD DURANTE EL MES DE MARZO \u00a0 Durante&nbsp; el mes de marzo en las&nbsp; diferentes&nbsp; IPS y Unidades b\u00e1sicas de la empresa social [&#8230;]\n","protected":false},"author":19,"featured_media":8719,"comment_status":"open","ping_status":"open","sticky":false,"template":"","format":"standard","meta":{"footnotes":""},"categories":[74],"tags":[],"class_list":["post-8720","post","type-post","status-publish","format-standard","has-post-thumbnail","hentry","category-ultimas-noticias"],"_links":{"self":[{"href":"https:\/\/www.imsalud.gov.co\/web\/wp-json\/wp\/v2\/posts\/8720","targetHints":{"allow":["GET"]}}],"collection":[{"href":"https:\/\/www.imsalud.gov.co\/web\/wp-json\/wp\/v2\/posts"}],"about":[{"href":"https:\/\/www.imsalud.gov.co\/web\/wp-json\/wp\/v2\/types\/post"}],"author":[{"embeddable":true,"href":"https:\/\/www.imsalud.gov.co\/web\/wp-json\/wp\/v2\/users\/19"}],"replies":[{"embeddable":true,"href":"https:\/\/www.imsalud.gov.co\/web\/wp-json\/wp\/v2\/comments?post=8720"}],"version-history":[{"count":0,"href":"https:\/\/www.imsalud.gov.co\/web\/wp-json\/wp\/v2\/posts\/8720\/revisions"}],"wp:featuredmedia":[{"embeddable":true,"href":"https:\/\/www.imsalud.gov.co\/web\/wp-json\/wp\/v2\/media\/8719"}],"wp:attachment":[{"href":"https:\/\/www.imsalud.gov.co\/web\/wp-json\/wp\/v2\/media?parent=8720"}],"wp:term":[{"taxonomy":"category","embeddable":true,"href":"https:\/\/www.imsalud.gov.co\/web\/wp-json\/wp\/v2\/categories?post=8720"},{"taxonomy":"post_tag","embeddable":true,"href":"https:\/\/www.imsalud.gov.co\/web\/wp-json\/wp\/v2\/tags?post=8720"}],"curies":[{"name":"wp","href":"https:\/\/api.w.org\/{rel}","templated":true}]}}