{"id":8718,"date":"2011-08-30T22:16:27","date_gmt":"2011-08-31T03:16:27","guid":{"rendered":"http:\/\/www.imsalud.gov.co\/web\/brigadas-especiales-promocion-y-prevencion\/"},"modified":"2020-09-26T12:19:10","modified_gmt":"2020-09-26T17:19:10","slug":"brigadas-especiales-promocion-y-prevencion","status":"publish","type":"post","link":"https:\/\/www.imsalud.gov.co\/web\/sala-de-prensa\/ultimas-noticias\/brigadas-especiales-promocion-y-prevencion\/","title":{"rendered":"Brigadas Especiales PROMOCI\u00d3N Y PREVENCION"},"content":{"rendered":"<p style=\"text-align: justify;\"><img loading=\"lazy\" decoding=\"async\" height=\"143\" width=\"180\" src=\"images\/stories\/004.jpg\" alt=\"004\" \/><\/p>\n<p style=\"text-align: justify;\">El Dr. Ivan Dario Santaella Bedoya Jefe de Promoci\u00f3n y Prevenci\u00f3n invita a la comunidad que participe activamente en las &nbsp;Brigadas de Salud masivas de PyP programadas&nbsp;en las diferentes comunas de C\u00facuta viene realizando la Empresa Social Del Estado IMSALUD.<\/p>\n<p style=\"text-align: justify;\">Cada quince d\u00edas a partir del 26 de MAYO&nbsp;y durante 6 mesees el personal de la unidad m\u00f3vil de la oficina de Promoci\u00f3n y Prevenci\u00f3n, se desplazar\u00e1 a los barrios Barrios&nbsp; de la ciudad.<\/p>\n<p style=\"text-align: justify;\">Las brigadas est\u00e1n tambien dirigidas tambi\u00e9n a ni\u00f1os menores de cinco a\u00f1os, que no tengan completo su esquema de vacunaci\u00f3n exigido por el Ministerio de la protecci\u00f3n Social.<\/p>\n<p style=\"text-align: justify;\">Es importante para el \u00e9xito de esta actividad que los padres de familia tengan el carnet de vacunaci\u00f3n de sus hijos para facilitar el trabajo del personal param\u00e9dico de IMSALUD.<\/p>\n","protected":false},"excerpt":{"rendered":"<p>El Dr. Ivan Dario Santaella Bedoya Jefe de Promoci\u00f3n y Prevenci\u00f3n invita a la comunidad que participe activamente en las &nbsp;Brigadas de Salud masivas de PyP programadas&nbsp;en las diferentes comunas [&#8230;]\n","protected":false},"author":19,"featured_media":0,"comment_status":"open","ping_status":"open","sticky":false,"template":"","format":"standard","meta":{"footnotes":""},"categories":[74],"tags":[],"class_list":["post-8718","post","type-post","status-publish","format-standard","hentry","category-ultimas-noticias"],"_links":{"self":[{"href":"https:\/\/www.imsalud.gov.co\/web\/wp-json\/wp\/v2\/posts\/8718","targetHints":{"allow":["GET"]}}],"collection":[{"href":"https:\/\/www.imsalud.gov.co\/web\/wp-json\/wp\/v2\/posts"}],"about":[{"href":"https:\/\/www.imsalud.gov.co\/web\/wp-json\/wp\/v2\/types\/post"}],"author":[{"embeddable":true,"href":"https:\/\/www.imsalud.gov.co\/web\/wp-json\/wp\/v2\/users\/19"}],"replies":[{"embeddable":true,"href":"https:\/\/www.imsalud.gov.co\/web\/wp-json\/wp\/v2\/comments?post=8718"}],"version-history":[{"count":1,"href":"https:\/\/www.imsalud.gov.co\/web\/wp-json\/wp\/v2\/posts\/8718\/revisions"}],"predecessor-version":[{"id":30516,"href":"https:\/\/www.imsalud.gov.co\/web\/wp-json\/wp\/v2\/posts\/8718\/revisions\/30516"}],"wp:attachment":[{"href":"https:\/\/www.imsalud.gov.co\/web\/wp-json\/wp\/v2\/media?parent=8718"}],"wp:term":[{"taxonomy":"category","embeddable":true,"href":"https:\/\/www.imsalud.gov.co\/web\/wp-json\/wp\/v2\/categories?post=8718"},{"taxonomy":"post_tag","embeddable":true,"href":"https:\/\/www.imsalud.gov.co\/web\/wp-json\/wp\/v2\/tags?post=8718"}],"curies":[{"name":"wp","href":"https:\/\/api.w.org\/{rel}","templated":true}]}}