{"id":8647,"date":"2013-12-09T23:05:36","date_gmt":"2013-12-10T04:05:36","guid":{"rendered":"http:\/\/www.imsalud.gov.co\/web\/convocatoria-publica-de-la-ese-imsalud\/"},"modified":"2013-12-09T23:05:36","modified_gmt":"2013-12-10T04:05:36","slug":"convocatoria-publica-de-la-ese-imsalud","status":"publish","type":"post","link":"https:\/\/www.imsalud.gov.co\/web\/sala-de-prensa\/ultimas-noticias\/convocatoria-publica-de-la-ese-imsalud\/","title":{"rendered":"Convocatoria p\u00fablica de la ESE Imsalud"},"content":{"rendered":"<p>La Junda Directiva de la ESE Imsalud invita &nbsp;alas personas naturales o jur\u00eddicas interesadas en participar en la elecci\u00f3n de Revisor Fiscal, presentar la hoja de vida y la propuesta correspondiente para la prestaci\u00f3n servicios profesionales de Revisor\u00eda Fiscal.<\/p>\n<p><a href=\"http:\/\/www.imsalud.gov.co\/web\/wp-content\/uploads\/2013\/12\/Doc-10_12_13%2015_27-page-1.pdf\" target=\"_blank\">Ver documento<\/a><\/p>\n<p>&nbsp;<\/p>\n","protected":false},"excerpt":{"rendered":"<p>La Junda Directiva de la ESE Imsalud invita &nbsp;alas personas naturales o jur\u00eddicas interesadas en participar en la elecci\u00f3n de Revisor Fiscal, presentar la hoja de vida y la propuesta [&#8230;]\n","protected":false},"author":19,"featured_media":0,"comment_status":"open","ping_status":"open","sticky":false,"template":"","format":"standard","meta":{"footnotes":""},"categories":[74],"tags":[],"class_list":["post-8647","post","type-post","status-publish","format-standard","hentry","category-ultimas-noticias"],"_links":{"self":[{"href":"https:\/\/www.imsalud.gov.co\/web\/wp-json\/wp\/v2\/posts\/8647","targetHints":{"allow":["GET"]}}],"collection":[{"href":"https:\/\/www.imsalud.gov.co\/web\/wp-json\/wp\/v2\/posts"}],"about":[{"href":"https:\/\/www.imsalud.gov.co\/web\/wp-json\/wp\/v2\/types\/post"}],"author":[{"embeddable":true,"href":"https:\/\/www.imsalud.gov.co\/web\/wp-json\/wp\/v2\/users\/19"}],"replies":[{"embeddable":true,"href":"https:\/\/www.imsalud.gov.co\/web\/wp-json\/wp\/v2\/comments?post=8647"}],"version-history":[{"count":0,"href":"https:\/\/www.imsalud.gov.co\/web\/wp-json\/wp\/v2\/posts\/8647\/revisions"}],"wp:attachment":[{"href":"https:\/\/www.imsalud.gov.co\/web\/wp-json\/wp\/v2\/media?parent=8647"}],"wp:term":[{"taxonomy":"category","embeddable":true,"href":"https:\/\/www.imsalud.gov.co\/web\/wp-json\/wp\/v2\/categories?post=8647"},{"taxonomy":"post_tag","embeddable":true,"href":"https:\/\/www.imsalud.gov.co\/web\/wp-json\/wp\/v2\/tags?post=8647"}],"curies":[{"name":"wp","href":"https:\/\/api.w.org\/{rel}","templated":true}]}}