{"id":8617,"date":"2013-06-07T20:05:56","date_gmt":"2013-06-08T01:05:56","guid":{"rendered":"http:\/\/www.imsalud.gov.co\/web\/ese-imsalud-atiende-a-desplazados-articulandolos-con-entes-de-control\/"},"modified":"2013-06-07T20:05:56","modified_gmt":"2013-06-08T01:05:56","slug":"ese-imsalud-atiende-a-desplazados-articulandolos-con-entes-de-control","status":"publish","type":"post","link":"https:\/\/www.imsalud.gov.co\/web\/sala-de-prensa\/ultimas-noticias\/ese-imsalud-atiende-a-desplazados-articulandolos-con-entes-de-control\/","title":{"rendered":"ESE IMSALUD ATIENDE A DESPLAZADOS ARTICUL\u00c1NDOLOS CON  ENTES DE CONTROL"},"content":{"rendered":"<p style=\"text-align: justify;\"><img loading=\"lazy\" decoding=\"async\" class=\" size-full wp-image-8615\" src=\"http:\/\/www.imsalud.gov.co\/web\/wp-content\/uploads\/2013\/07\/IMG_0769.jpg\" border=\"0\" width=\"263\" height=\"208\" \/>La oficina de promoci\u00f3n social del instituto departamental de salud se comprometi\u00f3\u00a0 a capacitar el personal administrativo de la ESE Imsalud, facturaci\u00f3n, servicio de informaci\u00f3n atenci\u00f3n a la comunidad de usuarios (SIAU) coordinadores y personal asistencial que labora en las IPS de la red prestadora de Imsalud con el fin de orientar a la comunidad en los servicios a los cuales tienen acceso y como instruirlos en el manejo\u00a0 de la atenci\u00f3n en salud en cuanto a la situaci\u00f3n de desplazamiento y de acuerdo a su ubicaci\u00f3n de residencia.<\/p>\n<p style=\"text-align: justify;\"> <!--more--> <\/p>\n<p style=\"text-align: justify;\"><span style=\"text-align: justify;\">La oficina de promoci\u00f3n social del instituto departamental de salud se comprometi\u00f3\u00a0 a capacitar el personal administrativo de la ESE Imsalud, facturaci\u00f3n, servicio de informaci\u00f3n atenci\u00f3n a la comunidad de usuarios (SIAU) coordinadores y personal asistencial que labora en las IPS de la red prestadora de Imsalud con el fin de orientar a la comunidad en los servicios a los cuales tienen acceso y como instruirlos en el manejo\u00a0 de la atenci\u00f3n en salud en cuanto a la situaci\u00f3n de desplazamiento y de acuerdo a su ubicaci\u00f3n de residencia.<\/span><\/p>\n<p style=\"text-align: justify;\">La ESE Imsalud establecen convenios y acuerdos en los cuales\u00a0 en la cual la secretaria de salud asumir\u00e1\u00a0 su responsabilidad en el aseguramiento de la poblaci\u00f3n desplazada y se encargara de\u00a0 hacer todo el proceso de afiliaci\u00f3n a las EPS subsidiadas, indico el gerente de Imsalud Hernando Mora Gonz\u00e1lez.<\/p>\n<p style=\"text-align: justify;\">Mientras se realizan los procesos de integraci\u00f3n al sistema de salud la secretaria de salud a trav\u00e9s de la oficina de prestaci\u00f3n de servicios y aseguramiento municipal cubrir\u00e1n los costos de la atenci\u00f3n integral de la poblaci\u00f3n en situaci\u00f3n de desplazamiento.<\/p>\n<p style=\"text-align: justify;\">La Ese Imsalud tiene las puertas abiertas\u00a0 para garantizar la atenci\u00f3n de primera vez de esta poblaci\u00f3n que no se encuentra caracterizada\u00a0 y ser\u00e1 orientada hacia el servicio de atenci\u00f3n\u00a0 a la comunidad del IDS donde se les dar\u00e1 garant\u00eda\u00a0 a todos los derechos que tienen como poblaci\u00f3n en situaci\u00f3n de desplazamiento y el direccionamiento adecuado ante los entes de control para legalizar su situaci\u00f3n en el municipio.<\/p>\n<p style=\"text-align: justify;\">La personer\u00eda se encargara de liderar algunos procesos de capacitaci\u00f3n con el personal asistencial y administrativo de la ESE Imsalud, IDS\u00a0 con el fin de\u00a0 indicar las instrucciones en el manejo y direccionamiento de la poblaci\u00f3n as\u00ed como a otros servicios los cuales tienen derecho debido a su condici\u00f3n.<\/p>\n<p style=\"text-align: justify;\">\u201cTodo paciente que llegue\u00a0 a las unidades b\u00e1sicas o Ips y aun no tenga diligenciado el proceso de su condici\u00f3n de desplazamiento ser\u00e1 atendido inicialmente (consulta externa, odontolog\u00eda, rayos x, laboratorio, entre otros servicios) durante la segunda estar\u00e1n apoyados por personal del SIAU para que sean direccionados y puedan realizar el proceso para vincularse y tener los servicios de salud dentro dela ESE Imsalud.<\/p>\n","protected":false},"excerpt":{"rendered":"<p>La oficina de promoci\u00f3n social del instituto departamental de salud se comprometi\u00f3\u00a0 a capacitar el personal administrativo de la ESE Imsalud, facturaci\u00f3n, servicio de informaci\u00f3n atenci\u00f3n a la comunidad de [&#8230;]\n","protected":false},"author":19,"featured_media":8615,"comment_status":"open","ping_status":"open","sticky":false,"template":"","format":"standard","meta":{"footnotes":""},"categories":[74],"tags":[],"class_list":["post-8617","post","type-post","status-publish","format-standard","has-post-thumbnail","hentry","category-ultimas-noticias"],"_links":{"self":[{"href":"https:\/\/www.imsalud.gov.co\/web\/wp-json\/wp\/v2\/posts\/8617","targetHints":{"allow":["GET"]}}],"collection":[{"href":"https:\/\/www.imsalud.gov.co\/web\/wp-json\/wp\/v2\/posts"}],"about":[{"href":"https:\/\/www.imsalud.gov.co\/web\/wp-json\/wp\/v2\/types\/post"}],"author":[{"embeddable":true,"href":"https:\/\/www.imsalud.gov.co\/web\/wp-json\/wp\/v2\/users\/19"}],"replies":[{"embeddable":true,"href":"https:\/\/www.imsalud.gov.co\/web\/wp-json\/wp\/v2\/comments?post=8617"}],"version-history":[{"count":0,"href":"https:\/\/www.imsalud.gov.co\/web\/wp-json\/wp\/v2\/posts\/8617\/revisions"}],"wp:featuredmedia":[{"embeddable":true,"href":"https:\/\/www.imsalud.gov.co\/web\/wp-json\/wp\/v2\/media\/8615"}],"wp:attachment":[{"href":"https:\/\/www.imsalud.gov.co\/web\/wp-json\/wp\/v2\/media?parent=8617"}],"wp:term":[{"taxonomy":"category","embeddable":true,"href":"https:\/\/www.imsalud.gov.co\/web\/wp-json\/wp\/v2\/categories?post=8617"},{"taxonomy":"post_tag","embeddable":true,"href":"https:\/\/www.imsalud.gov.co\/web\/wp-json\/wp\/v2\/tags?post=8617"}],"curies":[{"name":"wp","href":"https:\/\/api.w.org\/{rel}","templated":true}]}}