{"id":8585,"date":"2012-04-11T00:24:10","date_gmt":"2012-04-11T05:24:10","guid":{"rendered":"http:\/\/www.imsalud.gov.co\/web\/evaluacion-tecnica-financiera-economica-de-la-invitacion-publica-09-del-2012\/"},"modified":"2012-04-11T00:24:10","modified_gmt":"2012-04-11T05:24:10","slug":"evaluacion-tecnica-financiera-economica-de-la-invitacion-publica-09-del-2012","status":"publish","type":"post","link":"https:\/\/www.imsalud.gov.co\/web\/sala-de-prensa\/ultimas-noticias\/evaluacion-tecnica-financiera-economica-de-la-invitacion-publica-09-del-2012\/","title":{"rendered":"Evaluaci\u00f3n t\u00e9cnica financiera econ\u00f3mica de la Invitaci\u00f3n P\u00fablica 09 del 2012."},"content":{"rendered":"<p>AQUISICI\u00d3N DE INSUMOS ODONTOLOGICOS PARA LA ESE IMSALUD<\/p>\n<p>Se reuni\u00f3 el comit\u00e9 evaluaron las propuestas presentadas de 1. Dep\u00f3sito comercializadora R.J.J. (Representante legal Jhon Jairo Ramirez florez) y&nbsp; 2. Dental de los Andes (Representante legal Alexander Franco Largo); dando los resultados en el documento que pueden descargar en el siguiente link.<\/p>\n<p>Costo: 250.000.000<\/p>\n<p>Este documento continene la <a href=\"http:\/\/www.imsalud.gov.co\/web\/wp-content\/uploads\/2012\/04\/EVALUAINVPUB9ABRIL102012.pdf\"><span style=\"text-decoration: underline; font-size: 10pt;\"><span style=\"color: #800000;\">Evaluaci\u00f3n <\/span><\/span><\/a>t\u00e9cnico financiera&nbsp; y econ\u00f3mica.<\/p>\n","protected":false},"excerpt":{"rendered":"<p>AQUISICI\u00d3N DE INSUMOS ODONTOLOGICOS PARA LA ESE IMSALUD Se reuni\u00f3 el comit\u00e9 evaluaron las propuestas presentadas de 1. Dep\u00f3sito comercializadora R.J.J. (Representante legal Jhon Jairo Ramirez florez) y&nbsp; 2. Dental [&#8230;]\n","protected":false},"author":19,"featured_media":0,"comment_status":"open","ping_status":"open","sticky":false,"template":"","format":"standard","meta":{"footnotes":""},"categories":[74],"tags":[],"class_list":["post-8585","post","type-post","status-publish","format-standard","hentry","category-ultimas-noticias"],"_links":{"self":[{"href":"https:\/\/www.imsalud.gov.co\/web\/wp-json\/wp\/v2\/posts\/8585","targetHints":{"allow":["GET"]}}],"collection":[{"href":"https:\/\/www.imsalud.gov.co\/web\/wp-json\/wp\/v2\/posts"}],"about":[{"href":"https:\/\/www.imsalud.gov.co\/web\/wp-json\/wp\/v2\/types\/post"}],"author":[{"embeddable":true,"href":"https:\/\/www.imsalud.gov.co\/web\/wp-json\/wp\/v2\/users\/19"}],"replies":[{"embeddable":true,"href":"https:\/\/www.imsalud.gov.co\/web\/wp-json\/wp\/v2\/comments?post=8585"}],"version-history":[{"count":0,"href":"https:\/\/www.imsalud.gov.co\/web\/wp-json\/wp\/v2\/posts\/8585\/revisions"}],"wp:attachment":[{"href":"https:\/\/www.imsalud.gov.co\/web\/wp-json\/wp\/v2\/media?parent=8585"}],"wp:term":[{"taxonomy":"category","embeddable":true,"href":"https:\/\/www.imsalud.gov.co\/web\/wp-json\/wp\/v2\/categories?post=8585"},{"taxonomy":"post_tag","embeddable":true,"href":"https:\/\/www.imsalud.gov.co\/web\/wp-json\/wp\/v2\/tags?post=8585"}],"curies":[{"name":"wp","href":"https:\/\/api.w.org\/{rel}","templated":true}]}}