{"id":8577,"date":"2013-12-12T16:10:07","date_gmt":"2013-12-12T21:10:07","guid":{"rendered":"http:\/\/www.imsalud.gov.co\/web\/finalizo-cursos-psicoprofilacticos\/"},"modified":"2013-12-12T16:10:07","modified_gmt":"2013-12-12T21:10:07","slug":"finalizo-cursos-psicoprofilacticos","status":"publish","type":"post","link":"https:\/\/www.imsalud.gov.co\/web\/sala-de-prensa\/ultimas-noticias\/finalizo-cursos-psicoprofilacticos\/","title":{"rendered":"FINALIZO CURSOS PSICOPROFILACTICOS"},"content":{"rendered":"<p style=\"text-align: justify;\"><img loading=\"lazy\" decoding=\"async\" class=\" alignleft size-full wp-image-8574\" style=\"margin: 10px; float: left;\" alt=\"IMG 5394\" src=\"http:\/\/www.imsalud.gov.co\/web\/wp-content\/uploads\/2013\/12\/IMG_5394.jpg\" height=\"219\" width=\"292\" srcset=\"https:\/\/www.imsalud.gov.co\/web\/wp-content\/uploads\/2013\/12\/IMG_5394.jpg 640w, https:\/\/www.imsalud.gov.co\/web\/wp-content\/uploads\/2013\/12\/IMG_5394-300x225.jpg 300w\" sizes=\"auto, (max-width: 292px) 100vw, 292px\" \/>ESE IMSALUD FINALIZO CURSOS PSICO-PROFILACTICOS DEL A\u00d1O 2013<\/p>\n<p style=\"text-align: justify;\">Una gran mayor\u00eda de las gestantes de todas las IPS sat\u00e9lite de la unidad basica la libertad asistieron a la convocatoria masiva con el objetivo de finalizar los cursos psicoprofilacticos el cual estrecha la relaci\u00f3n binomio madre e hijo.<\/p>\n<p style=\"text-align: justify;\"> \u201cEl curso psicoprofilactico le regala a la madre la posibilidad interactuar y conocer todo lo que est\u00e1 pasando durante los 9 meses de gestaci\u00f3n, le ense\u00f1a a conocer a la madre signos y s\u00edntomas de alarma que de pronto en un momento dado se pueden presentar y preparan a la madre para el momento del alumbramiento\u201d, indico la coordinadora Ximena Marcela S\u00e1nchez.<\/p>\n<p style=\"text-align: justify;\">El acto de cierre se desarroll\u00f3 en el auditorio de la UBA La libertad mediante ejercicios de actividad f\u00edsica y motivacional finalizando con una entrega de detalles a las gestantes por la asistencia que han tenido a la ejecuci\u00f3n del curso durante todo el a\u00f1o.<\/p>\n<p style=\"text-align: justify;\">&nbsp;<\/p>\n<p style=\"text-align: justify;\"><img loading=\"lazy\" decoding=\"async\" class=\" size-full wp-image-8575\" alt=\"IMG 5413\" src=\"http:\/\/www.imsalud.gov.co\/web\/wp-content\/uploads\/2013\/12\/IMG_5413.jpg\" height=\"186\" width=\"331\" srcset=\"https:\/\/www.imsalud.gov.co\/web\/wp-content\/uploads\/2013\/12\/IMG_5413.jpg 640w, https:\/\/www.imsalud.gov.co\/web\/wp-content\/uploads\/2013\/12\/IMG_5413-300x169.jpg 300w\" sizes=\"auto, (max-width: 331px) 100vw, 331px\" \/><\/p>\n<p style=\"text-align: justify;\"><img loading=\"lazy\" decoding=\"async\" class=\" size-full wp-image-8576\" alt=\"IMG 5419\" src=\"http:\/\/www.imsalud.gov.co\/web\/wp-content\/uploads\/2013\/12\/IMG_5419.jpg\" height=\"186\" width=\"331\" srcset=\"https:\/\/www.imsalud.gov.co\/web\/wp-content\/uploads\/2013\/12\/IMG_5419.jpg 640w, https:\/\/www.imsalud.gov.co\/web\/wp-content\/uploads\/2013\/12\/IMG_5419-300x169.jpg 300w\" sizes=\"auto, (max-width: 331px) 100vw, 331px\" \/><\/p>\n","protected":false},"excerpt":{"rendered":"<p>ESE IMSALUD FINALIZO CURSOS PSICO-PROFILACTICOS DEL A\u00d1O 2013 Una gran mayor\u00eda de las gestantes de todas las IPS sat\u00e9lite de la unidad basica la libertad asistieron a la convocatoria masiva [&#8230;]\n","protected":false},"author":19,"featured_media":8574,"comment_status":"open","ping_status":"open","sticky":false,"template":"","format":"standard","meta":{"footnotes":""},"categories":[74],"tags":[],"class_list":["post-8577","post","type-post","status-publish","format-standard","has-post-thumbnail","hentry","category-ultimas-noticias"],"_links":{"self":[{"href":"https:\/\/www.imsalud.gov.co\/web\/wp-json\/wp\/v2\/posts\/8577","targetHints":{"allow":["GET"]}}],"collection":[{"href":"https:\/\/www.imsalud.gov.co\/web\/wp-json\/wp\/v2\/posts"}],"about":[{"href":"https:\/\/www.imsalud.gov.co\/web\/wp-json\/wp\/v2\/types\/post"}],"author":[{"embeddable":true,"href":"https:\/\/www.imsalud.gov.co\/web\/wp-json\/wp\/v2\/users\/19"}],"replies":[{"embeddable":true,"href":"https:\/\/www.imsalud.gov.co\/web\/wp-json\/wp\/v2\/comments?post=8577"}],"version-history":[{"count":0,"href":"https:\/\/www.imsalud.gov.co\/web\/wp-json\/wp\/v2\/posts\/8577\/revisions"}],"wp:featuredmedia":[{"embeddable":true,"href":"https:\/\/www.imsalud.gov.co\/web\/wp-json\/wp\/v2\/media\/8574"}],"wp:attachment":[{"href":"https:\/\/www.imsalud.gov.co\/web\/wp-json\/wp\/v2\/media?parent=8577"}],"wp:term":[{"taxonomy":"category","embeddable":true,"href":"https:\/\/www.imsalud.gov.co\/web\/wp-json\/wp\/v2\/categories?post=8577"},{"taxonomy":"post_tag","embeddable":true,"href":"https:\/\/www.imsalud.gov.co\/web\/wp-json\/wp\/v2\/tags?post=8577"}],"curies":[{"name":"wp","href":"https:\/\/api.w.org\/{rel}","templated":true}]}}