{"id":8568,"date":"2013-06-17T20:06:39","date_gmt":"2013-06-18T01:06:39","guid":{"rendered":"http:\/\/www.imsalud.gov.co\/web\/funcionarios-de-imsalud-se-capacitaron-en-indicadores-de-gestion-del-sector-publico-2\/"},"modified":"2013-06-17T20:06:39","modified_gmt":"2013-06-18T01:06:39","slug":"funcionarios-de-imsalud-se-capacitaron-en-indicadores-de-gestion-del-sector-publico-2","status":"publish","type":"post","link":"https:\/\/www.imsalud.gov.co\/web\/sala-de-prensa\/ultimas-noticias\/funcionarios-de-imsalud-se-capacitaron-en-indicadores-de-gestion-del-sector-publico-2\/","title":{"rendered":"FUNCIONARIOS DE IMSALUD SE CAPACITARON EN INDICADORES DE GESTI\u00d3N DEL SECTOR P\u00daBLICO"},"content":{"rendered":"<p style=\"text-align: justify;\"><img loading=\"lazy\" decoding=\"async\" class=\" size-full wp-image-8566\" src=\"http:\/\/www.imsalud.gov.co\/web\/wp-content\/uploads\/2013\/06\/capacitac.jpg\" border=\"0\" width=\"241\" height=\"214\" \/>La ESE Imsalud dando cumplimiento al Plan Institucional de Capacitaci\u00f3n (PIC), capacit\u00f3 al personal del MECI y funcionarios de planta en cuanto a\u00a0 indicadores de gesti\u00f3n en el sector p\u00fablico.<\/p>\n<p>\u00a0<\/p>\n<p> <!--more--> <\/p>\n<p><span style=\"text-align: justify; line-height: 1.3em;\">La ESE Imsalud dando cumplimiento al Plan Institucional de Capacitaci\u00f3n (PIC), capacit\u00f3 al personal del MECI y funcionarios de planta en cuanto a\u00a0 indicadores de gesti\u00f3n en el sector p\u00fablico.<\/span><\/p>\n<p style=\"text-align: justify;\">Durante la actividad trataron temas como Indicadores en el sistema de gesti\u00f3n integral que tiende a fortalecer la planeaci\u00f3n de la entidad, formulaci\u00f3n de misi\u00f3n y visi\u00f3n, objetivos, indicadores y los procesos, entre otros, correspondientes al segundo m\u00f3dulo.<\/p>\n<p style=\"text-align: justify;\">De acuerdo al plan de capacitaciones para el 2013, se tienen programados 4 m\u00f3dulos los cuales son, Integraci\u00f3n de MECI y el\u00a0 sistema de gesti\u00f3n de calidad, indicadores de gesti\u00f3n en el sector p\u00fablico, administraci\u00f3n del riesgo y auditor\u00edas internas, todos dictados por personal de Icontec, manifest\u00f3 Hernando Mora Gonz\u00e1lez, gerente de Imsalud.<\/p>\n<p style=\"text-align: justify;\">La Junta directiva de la Ese Imsalud cuyo presidente es el Alcalde de C\u00facuta Donamaris Ram\u00edrez-par\u00eds Lobo aprob\u00f3\u00a0 un presupuesto\u00a0 de capacitaciones, ejecutado en coordinaci\u00f3n con la gerencia.<\/p>\n","protected":false},"excerpt":{"rendered":"<p>La ESE Imsalud dando cumplimiento al Plan Institucional de Capacitaci\u00f3n (PIC), capacit\u00f3 al personal del MECI y funcionarios de planta en cuanto a\u00a0 indicadores de gesti\u00f3n en el sector p\u00fablico. [&#8230;]\n","protected":false},"author":19,"featured_media":8566,"comment_status":"open","ping_status":"open","sticky":false,"template":"","format":"standard","meta":{"footnotes":""},"categories":[74],"tags":[],"class_list":["post-8568","post","type-post","status-publish","format-standard","has-post-thumbnail","hentry","category-ultimas-noticias"],"_links":{"self":[{"href":"https:\/\/www.imsalud.gov.co\/web\/wp-json\/wp\/v2\/posts\/8568","targetHints":{"allow":["GET"]}}],"collection":[{"href":"https:\/\/www.imsalud.gov.co\/web\/wp-json\/wp\/v2\/posts"}],"about":[{"href":"https:\/\/www.imsalud.gov.co\/web\/wp-json\/wp\/v2\/types\/post"}],"author":[{"embeddable":true,"href":"https:\/\/www.imsalud.gov.co\/web\/wp-json\/wp\/v2\/users\/19"}],"replies":[{"embeddable":true,"href":"https:\/\/www.imsalud.gov.co\/web\/wp-json\/wp\/v2\/comments?post=8568"}],"version-history":[{"count":0,"href":"https:\/\/www.imsalud.gov.co\/web\/wp-json\/wp\/v2\/posts\/8568\/revisions"}],"wp:featuredmedia":[{"embeddable":true,"href":"https:\/\/www.imsalud.gov.co\/web\/wp-json\/wp\/v2\/media\/8566"}],"wp:attachment":[{"href":"https:\/\/www.imsalud.gov.co\/web\/wp-json\/wp\/v2\/media?parent=8568"}],"wp:term":[{"taxonomy":"category","embeddable":true,"href":"https:\/\/www.imsalud.gov.co\/web\/wp-json\/wp\/v2\/categories?post=8568"},{"taxonomy":"post_tag","embeddable":true,"href":"https:\/\/www.imsalud.gov.co\/web\/wp-json\/wp\/v2\/tags?post=8568"}],"curies":[{"name":"wp","href":"https:\/\/api.w.org\/{rel}","templated":true}]}}